{"id":121599,"date":"2024-03-20T16:11:24","date_gmt":"2024-03-20T19:11:24","guid":{"rendered":"https:\/\/onordeste.com.br\/?p=121599"},"modified":"2024-03-20T16:11:24","modified_gmt":"2024-03-20T19:11:24","slug":"camara-debate-regularizacao-fundiaria-e-direito-a-moradia","status":"publish","type":"post","link":"https:\/\/iparaiba.com.br\/index.php\/2024\/03\/20\/camara-debate-regularizacao-fundiaria-e-direito-a-moradia\/","title":{"rendered":"C\u00e2mara debate regulariza\u00e7\u00e3o fundi\u00e1ria e direito \u00e0 moradia"},"content":{"rendered":"<p>A\u00a0C\u00e2mara Municipal de Jo\u00e3o Pessoa (CMJP) realiza uma sess\u00e3o especial para debater sobre \u201cA Regulariza\u00e7\u00e3o Fundi\u00e1ria e o Direito \u00e0 Moradia\u201d. A discuss\u00e3o foi proposta pelo vereador Marcos Henriques (PT).<\/p>\n<p>O parlamentar justificou que a regulariza\u00e7\u00e3o fundi\u00e1ria se constitui como uma importante realiza\u00e7\u00e3o para grande parte das fam\u00edlias pessoenses, moradoras de comunidades e das Zonas Especiais de Interesse Social. \u201cEsse procedimento envolve a regulariza\u00e7\u00e3o tanto da posse da terra quanto das edifica\u00e7\u00f5es existentes, permitindo que comunidades que historicamente viviam em condi\u00e7\u00f5es prec\u00e1rias tenham acesso a direitos b\u00e1sicos como \u00e1gua, luz, saneamento e infraestrutura adequadas\u201d, defendeu.<\/p>\n<p>Na sexta-feira (22), a CMJP realiza sess\u00e3o especial comemorativa ao Dia Internacional da S\u00edndrome de Down. A sess\u00e3o foi proposta pelo vereador Marmuthe Cavalcanti (Republicanos) e acontece a partir das 9h30 no plen\u00e1rio da Casa Napole\u00e3o Laureano.<\/p>\n","protected":false},"excerpt":{"rendered":"<p>A\u00a0C\u00e2mara Municipal de Jo\u00e3o Pessoa (CMJP) realiza uma sess\u00e3o especial para debater sobre \u201cA Regulariza\u00e7\u00e3o Fundi\u00e1ria e o Direito \u00e0 Moradia\u201d. A discuss\u00e3o foi proposta pelo vereador Marcos Henriques (PT). O parlamentar justificou que a regulariza\u00e7\u00e3o fundi\u00e1ria se constitui como uma importante realiza\u00e7\u00e3o para grande parte das fam\u00edlias pessoenses, moradoras de comunidades e das Zonas &hellip;<\/p>\n","protected":false},"author":1,"featured_media":97732,"comment_status":"open","ping_status":"open","sticky":false,"template":"","format":"standard","meta":{"footnotes":""},"categories":[3],"tags":[],"class_list":["post-121599","post","type-post","status-publish","format-standard","has-post-thumbnail","hentry","category-nordeste"],"_links":{"self":[{"href":"https:\/\/iparaiba.com.br\/index.php\/wp-json\/wp\/v2\/posts\/121599","targetHints":{"allow":["GET"]}}],"collection":[{"href":"https:\/\/iparaiba.com.br\/index.php\/wp-json\/wp\/v2\/posts"}],"about":[{"href":"https:\/\/iparaiba.com.br\/index.php\/wp-json\/wp\/v2\/types\/post"}],"author":[{"embeddable":true,"href":"https:\/\/iparaiba.com.br\/index.php\/wp-json\/wp\/v2\/users\/1"}],"replies":[{"embeddable":true,"href":"https:\/\/iparaiba.com.br\/index.php\/wp-json\/wp\/v2\/comments?post=121599"}],"version-history":[{"count":0,"href":"https:\/\/iparaiba.com.br\/index.php\/wp-json\/wp\/v2\/posts\/121599\/revisions"}],"wp:featuredmedia":[{"embeddable":true,"href":"https:\/\/iparaiba.com.br\/index.php\/wp-json\/wp\/v2\/media\/97732"}],"wp:attachment":[{"href":"https:\/\/iparaiba.com.br\/index.php\/wp-json\/wp\/v2\/media?parent=121599"}],"wp:term":[{"taxonomy":"category","embeddable":true,"href":"https:\/\/iparaiba.com.br\/index.php\/wp-json\/wp\/v2\/categories?post=121599"},{"taxonomy":"post_tag","embeddable":true,"href":"https:\/\/iparaiba.com.br\/index.php\/wp-json\/wp\/v2\/tags?post=121599"}],"curies":[{"name":"wp","href":"https:\/\/api.w.org\/{rel}","templated":true}]}}