{"id":121593,"date":"2024-03-11T11:41:56","date_gmt":"2024-03-11T14:41:56","guid":{"rendered":"https:\/\/onordeste.com.br\/?p=121552"},"modified":"2024-03-11T11:41:56","modified_gmt":"2024-03-11T14:41:56","slug":"cmjp-homenageia-mulheres","status":"publish","type":"post","link":"https:\/\/iparaiba.com.br\/index.php\/2024\/03\/11\/cmjp-homenageia-mulheres\/","title":{"rendered":"CMJP homenageia mulheres"},"content":{"rendered":"<p style=\"font-weight: 400;\">A C\u00e2mara Municipal de Jo\u00e3o Pessoa (CMJP) homenageia mulheres durante sess\u00e3o especial alusiva ao Dia Internacional da Mulher, 8 de mar\u00e7o. O evento, proposto pelo presidente Casa, vereador Dinho (Avante), acontece no Plen\u00e1rio Senador Humberto Lucena em parceria com a Secretaria de Pol\u00edticas P\u00fablicas para Mulheres. A solenidade contar\u00e1 com apresenta\u00e7\u00f5es art\u00edsticas de mulheres, presen\u00e7a e pronunciamento de autoridades, que v\u00e3o debater temas como enfrentamento da viol\u00eancia e formas de ampliar a participa\u00e7\u00e3o feminina na pol\u00edtica e no mercado de trabalho.<\/p>\n<p style=\"font-weight: 400;\">Na ocasi\u00e3o, tamb\u00e9m ser\u00e3o entregues diplomas e honrarias a mulheres que s\u00e3o destaque na sociedade pessoense. Ser\u00e3o homenageadas com o Diploma Mulher Cidad\u00e3 Ednalva Bezerra de Lima: primeira dama do Estado da Para\u00edba, Ana Maria Sales Lins; primeira damade Jo\u00e3o Pessoa, Maria Laurem\u00edlia Assis de Lucena; a presidente do Tribunal Regional Eleitoral da Para\u00edba (TRE-PB), desembargadora Maria de F\u00e1tima Moraes Bezerra Cavalcanti Maranh\u00e3o; a senadora (PB) Daniella Velloso Borges Ribeiro; pol\u00edtica Eva Eliana Ramos Gouveia; advogada e pol\u00edtica Nadja Di\u00f3genes Palitot y Palitot; servidora municipal de Jo\u00e3o Pessoa Maria de Lourdes Melo Brito; diretora do Centro de Acolhimento de Doen\u00e7as Raras, Saionara Ferreira de Ara\u00fajo; l\u00edder comunit\u00e1ria e pintora Maria Carmoniza de Lima; a empres\u00e1ria Beatriz Lins de Albuquerque Ribeiro Teixeira de Carvalho e as cidad\u00e3s Maria Lusiara Costa Guimar\u00e3es, Jaqueline Angelina da Silva e Josefa Pereira de Santana, honrarias propostas pelo presidente Dinho; e Irm\u00e3 Cleide Fontes; a terapeuta hol\u00edstica Dayane de Freitas Duarte; e a enfermeira Fab\u00edola Moreira Casimiro de Oliveira, homenagens propostas pelo vereador Marcos Henriques (PT).<\/p>\n<p style=\"font-weight: 400;\">Em reuni\u00e3o com representantes do cerimonial da Casa Legislativa, a secret\u00e1ria de Pol\u00edticas P\u00fablicas para Mulheres, Nena Martins, lembrou que este \u00e9 o terceiro ano consecutivo em que h\u00e1 parceria para a realiza\u00e7\u00e3o dessa sess\u00e3o especial alusiva ao Dia Internacional da Mulher na C\u00e2mara Municipal. \u201c\u00c9 uma forma de homenagear as mulheres, de fazer uma avalia\u00e7\u00e3o sobre a\u00e7\u00f5es de pol\u00edticas p\u00fablicas voltadas para elas e sobre empoderamento\u201d, ressaltou.<\/p>\n<p style=\"font-weight: 400;\">J\u00e1 a assessora t\u00e9cnica da Diretoria de Enfrentamento da Viol\u00eancia contra a Mulher da Secretaria de Pol\u00edticas P\u00fablicas para Mulheres, Suleya Medeiros, destacou a import\u00e2ncia do evento: \u201c\u00c9 sempre importante ter momentos como esse, que valorizam o empoderamento feminino no que diz respeito \u00e0 luta das mulheres. Um momento como esse \u00e9 muito importante para a gente receber autoridades e tamb\u00e9m para divulgar os direitos das mulheres\u201d.<\/p>\n<p style=\"font-weight: 400;\">\n","protected":false},"excerpt":{"rendered":"<p>A C\u00e2mara Municipal de Jo\u00e3o Pessoa (CMJP) homenageia mulheres durante sess\u00e3o especial alusiva ao Dia Internacional da Mulher, 8 de mar\u00e7o. O evento, proposto pelo presidente Casa, vereador Dinho (Avante), acontece no Plen\u00e1rio Senador Humberto Lucena em parceria com a Secretaria de Pol\u00edticas P\u00fablicas para Mulheres. A solenidade contar\u00e1 com apresenta\u00e7\u00f5es art\u00edsticas de mulheres, presen\u00e7a &hellip;<\/p>\n","protected":false},"author":1,"featured_media":97717,"comment_status":"open","ping_status":"open","sticky":false,"template":"","format":"standard","meta":{"footnotes":""},"categories":[3],"tags":[],"class_list":["post-121593","post","type-post","status-publish","format-standard","has-post-thumbnail","hentry","category-nordeste"],"_links":{"self":[{"href":"https:\/\/iparaiba.com.br\/index.php\/wp-json\/wp\/v2\/posts\/121593","targetHints":{"allow":["GET"]}}],"collection":[{"href":"https:\/\/iparaiba.com.br\/index.php\/wp-json\/wp\/v2\/posts"}],"about":[{"href":"https:\/\/iparaiba.com.br\/index.php\/wp-json\/wp\/v2\/types\/post"}],"author":[{"embeddable":true,"href":"https:\/\/iparaiba.com.br\/index.php\/wp-json\/wp\/v2\/users\/1"}],"replies":[{"embeddable":true,"href":"https:\/\/iparaiba.com.br\/index.php\/wp-json\/wp\/v2\/comments?post=121593"}],"version-history":[{"count":0,"href":"https:\/\/iparaiba.com.br\/index.php\/wp-json\/wp\/v2\/posts\/121593\/revisions"}],"wp:featuredmedia":[{"embeddable":true,"href":"https:\/\/iparaiba.com.br\/index.php\/wp-json\/wp\/v2\/media\/97717"}],"wp:attachment":[{"href":"https:\/\/iparaiba.com.br\/index.php\/wp-json\/wp\/v2\/media?parent=121593"}],"wp:term":[{"taxonomy":"category","embeddable":true,"href":"https:\/\/iparaiba.com.br\/index.php\/wp-json\/wp\/v2\/categories?post=121593"},{"taxonomy":"post_tag","embeddable":true,"href":"https:\/\/iparaiba.com.br\/index.php\/wp-json\/wp\/v2\/tags?post=121593"}],"curies":[{"name":"wp","href":"https:\/\/api.w.org\/{rel}","templated":true}]}}