{"id":121591,"date":"2024-03-11T11:39:23","date_gmt":"2024-03-11T14:39:23","guid":{"rendered":"https:\/\/onordeste.com.br\/?p=121548"},"modified":"2024-03-11T11:39:23","modified_gmt":"2024-03-11T14:39:23","slug":"sine-municipal-apresenta-projeto-de-mega-feirao-de-empregos","status":"publish","type":"post","link":"https:\/\/iparaiba.com.br\/index.php\/2024\/03\/11\/sine-municipal-apresenta-projeto-de-mega-feirao-de-empregos\/","title":{"rendered":"Sine Municipal apresenta projeto de Mega Feir\u00e3o de Empregos"},"content":{"rendered":"<p>O coordenador do Sine Municipal, Saulo Muniz, esteve no audit\u00f3rio da Associa\u00e7\u00e3o Comercial e Empresarial de Campina Grande &#8211; ACCG, durante a reuni\u00e3o do Conselho Diretor. O assunto do momento foi \u00a0\u201cMega Feir\u00e3o de Empregos\u201d, um evento que promete conectar trabalhadores e empresas, gerando oportunidades para a popula\u00e7\u00e3o.<\/p>\n<p>Em sua declara\u00e7\u00e3o, Saulo Muniz enfatizou a relev\u00e2ncia do feir\u00e3o: \u201cEstamos comprometidos em proporcionar oportunidades reais de emprego para os cidad\u00e3os de Campina Grande. O Mega Feir\u00e3o \u00e9 uma iniciativa que visa fazer a ponte entre as empresas que buscam talentos e os trabalhadores que desejam ingressar ou se recolocar no mercado de trabalho. Nossa meta \u00e9 poder contar com pelo menos 150 empregadores de diversos setores, incluindo agroneg\u00f3cio, com\u00e9rcio, ind\u00fastria e servi\u00e7os, declarou.\u201d<\/p>\n<p>A Secret\u00e1ria de Desenvolvimento Econ\u00f4mico, T\u00e2mela Fama, tamb\u00e9m desempenhou um papel fundamental no evento, facilitando o contato entre as institui\u00e7\u00f5es. Ela destacou: \u201cA parceria entre o Sine Municipal e a ACCG \u00e9 essencial para o sucesso do Mega Feir\u00e3o. Desde que estivemos reunidos nesse intuito, estamos trabalhando juntos para criar um ambiente favor\u00e1vel ao crescimento econ\u00f4mico da cidade e para oferecer oportunidades concretas aos nossos cidad\u00e3os.\u201d<\/p>\n","protected":false},"excerpt":{"rendered":"<p>O coordenador do Sine Municipal, Saulo Muniz, esteve no audit\u00f3rio da Associa\u00e7\u00e3o Comercial e Empresarial de Campina Grande &#8211; ACCG, durante a reuni\u00e3o do Conselho Diretor. O assunto do momento foi \u00a0\u201cMega Feir\u00e3o de Empregos\u201d, um evento que promete conectar trabalhadores e empresas, gerando oportunidades para a popula\u00e7\u00e3o. Em sua declara\u00e7\u00e3o, Saulo Muniz enfatizou a &hellip;<\/p>\n","protected":false},"author":1,"featured_media":109440,"comment_status":"open","ping_status":"open","sticky":false,"template":"","format":"standard","meta":{"footnotes":""},"categories":[12],"tags":[],"class_list":["post-121591","post","type-post","status-publish","format-standard","has-post-thumbnail","hentry","category-emprego"],"_links":{"self":[{"href":"https:\/\/iparaiba.com.br\/index.php\/wp-json\/wp\/v2\/posts\/121591","targetHints":{"allow":["GET"]}}],"collection":[{"href":"https:\/\/iparaiba.com.br\/index.php\/wp-json\/wp\/v2\/posts"}],"about":[{"href":"https:\/\/iparaiba.com.br\/index.php\/wp-json\/wp\/v2\/types\/post"}],"author":[{"embeddable":true,"href":"https:\/\/iparaiba.com.br\/index.php\/wp-json\/wp\/v2\/users\/1"}],"replies":[{"embeddable":true,"href":"https:\/\/iparaiba.com.br\/index.php\/wp-json\/wp\/v2\/comments?post=121591"}],"version-history":[{"count":0,"href":"https:\/\/iparaiba.com.br\/index.php\/wp-json\/wp\/v2\/posts\/121591\/revisions"}],"wp:featuredmedia":[{"embeddable":true,"href":"https:\/\/iparaiba.com.br\/index.php\/wp-json\/wp\/v2\/media\/109440"}],"wp:attachment":[{"href":"https:\/\/iparaiba.com.br\/index.php\/wp-json\/wp\/v2\/media?parent=121591"}],"wp:term":[{"taxonomy":"category","embeddable":true,"href":"https:\/\/iparaiba.com.br\/index.php\/wp-json\/wp\/v2\/categories?post=121591"},{"taxonomy":"post_tag","embeddable":true,"href":"https:\/\/iparaiba.com.br\/index.php\/wp-json\/wp\/v2\/tags?post=121591"}],"curies":[{"name":"wp","href":"https:\/\/api.w.org\/{rel}","templated":true}]}}