{"id":121589,"date":"2024-03-11T11:36:44","date_gmt":"2024-03-11T14:36:44","guid":{"rendered":"https:\/\/onordeste.com.br\/?p=121544"},"modified":"2024-03-11T11:36:44","modified_gmt":"2024-03-11T14:36:44","slug":"agevisa-ressalta-importancia-de-informacao-sobre-direitos-da-mulher","status":"publish","type":"post","link":"https:\/\/iparaiba.com.br\/index.php\/2024\/03\/11\/agevisa-ressalta-importancia-de-informacao-sobre-direitos-da-mulher\/","title":{"rendered":"Agevisa ressalta import\u00e2ncia de informa\u00e7\u00e3o sobre direitos da mulher"},"content":{"rendered":"<p style=\"font-weight: 400;\">Como parte da celebra\u00e7\u00e3o pelo Dia Internacional da Mulher, a diretoria da Ag\u00eancia Estadual de Vigil\u00e2ncia Sanit\u00e1ria (Agevisa\/PB) ressaltou a import\u00e2ncia da informa\u00e7\u00e3o como elemento imprescind\u00edvel para garantir e ampliar o acesso das mulheres aos servi\u00e7os e a\u00e7\u00f5es de assist\u00eancia \u00e0 sa\u00fade em todos os n\u00edveis do poder p\u00fablico. Segundo o diretor Geraldo Moreira de Menezes, nas datas que cercam o dia 08 de mar\u00e7o, s\u00e3o muitas as homenagens prestadas em quase todas as partes do mundo. No entanto, passada a data comemorativa, a maioria das pessoas segue seus caminhos sem se preocupar com as in\u00fameras quest\u00f5es relacionadas \u00e0 mulher que precisam e devem ser encaradas, debatidas e defendidas em todos os dias do ano.<\/p>\n<p style=\"font-weight: 400;\">Nesta edi\u00e7\u00e3o do Momento Agevisa de quinta-feira (07), a Agevisa\/PB enfatizou o reconhecimento e a satisfa\u00e7\u00e3o frente \u00e0s grandes conquistas e \u00e0s provas de compet\u00eancia pessoal e profissional das mulheres em todos os segmentos da sociedade, e, atrav\u00e9s da diretora-t\u00e9cnica de Ci\u00eancia e Tecnologia M\u00e9dica e Correlatos, V\u00edvian Miele, destacou a garantia de acesso aos cuidados com a sa\u00fade entre as melhores formas de homenagear permanentemente as mulheres.<\/p>\n<p style=\"font-weight: 400;\">Como recorte das muitas conquistas da mulher brasileira no campo da sa\u00fade, V\u00edvian Miele falou das garantias expressas na Lei Federal n\u00b0 11.664\/2008, que disp\u00f5e sobre a efetiva\u00e7\u00e3o de a\u00e7\u00f5es de sa\u00fade que assegurem a preven\u00e7\u00e3o, a detec\u00e7\u00e3o, o tratamento e o seguimento dos c\u00e2nceres do colo uterino, de mama e colorretal no \u00e2mbito do Sistema \u00danico de Sa\u00fade.<\/p>\n<p style=\"font-weight: 400;\">V\u00edvian observou que a Lei n\u00ba 11.664\/2008\u00a0tornou obrigat\u00f3ria,\u00a0em todo o territ\u00f3rio nacional,\u00a0a efetiva\u00e7\u00e3o de a\u00e7\u00f5es de sa\u00fade voltadas \u00e0\u00a0preven\u00e7\u00e3o, detec\u00e7\u00e3o, tratamento e controle\u00a0(ou seguimento p\u00f3s-tratamento)\u00a0dos c\u00e2nceres do colo uterino, de mama e colorretal, no \u00e2mbito do SUS, garantindo, com isso,\u00a0assist\u00eancia integral \u00e0 sa\u00fade da mulher. \u201cE, considerando que o acesso aos direitos se torna mais f\u00e1cil para as pessoas que conhecem seus direitos, na pr\u00f3pria Lei 11.664, o legislador elegeu a ado\u00e7\u00e3o de amplo trabalho informativo e educativo sobre os v\u00e1rios procedimentos garantidos pela normativa\u201d, ressaltou.<\/p>\n<p style=\"font-weight: 400;\">Destacando a import\u00e2ncia da ampla informa\u00e7\u00e3o sobre a pr\u00f3pria legisla\u00e7\u00e3o, n\u00e3o somente no campo da aten\u00e7\u00e3o \u00e0 sa\u00fade, mas de todos os direitos legalmente garantidos \u00e0s mulheres, a diretora-t\u00e9cnica enfatizou: \u201cPara se beneficiar amplamente das garantias da Lei, as mulheres devem ser informadas sobre as pr\u00f3prias Leis. E, na Agevisa\/PB, n\u00f3s sempre buscamos ampliar o alcance dessas informa\u00e7\u00f5es\u201d.<\/p>\n","protected":false},"excerpt":{"rendered":"<p>Como parte da celebra\u00e7\u00e3o pelo Dia Internacional da Mulher, a diretoria da Ag\u00eancia Estadual de Vigil\u00e2ncia Sanit\u00e1ria (Agevisa\/PB) ressaltou a import\u00e2ncia da informa\u00e7\u00e3o como elemento imprescind\u00edvel para garantir e ampliar o acesso das mulheres aos servi\u00e7os e a\u00e7\u00f5es de assist\u00eancia \u00e0 sa\u00fade em todos os n\u00edveis do poder p\u00fablico. Segundo o diretor Geraldo Moreira de &hellip;<\/p>\n","protected":false},"author":1,"featured_media":116528,"comment_status":"open","ping_status":"open","sticky":false,"template":"","format":"standard","meta":{"footnotes":""},"categories":[6],"tags":[],"class_list":["post-121589","post","type-post","status-publish","format-standard","has-post-thumbnail","hentry","category-destaques"],"_links":{"self":[{"href":"https:\/\/iparaiba.com.br\/index.php\/wp-json\/wp\/v2\/posts\/121589","targetHints":{"allow":["GET"]}}],"collection":[{"href":"https:\/\/iparaiba.com.br\/index.php\/wp-json\/wp\/v2\/posts"}],"about":[{"href":"https:\/\/iparaiba.com.br\/index.php\/wp-json\/wp\/v2\/types\/post"}],"author":[{"embeddable":true,"href":"https:\/\/iparaiba.com.br\/index.php\/wp-json\/wp\/v2\/users\/1"}],"replies":[{"embeddable":true,"href":"https:\/\/iparaiba.com.br\/index.php\/wp-json\/wp\/v2\/comments?post=121589"}],"version-history":[{"count":0,"href":"https:\/\/iparaiba.com.br\/index.php\/wp-json\/wp\/v2\/posts\/121589\/revisions"}],"wp:featuredmedia":[{"embeddable":true,"href":"https:\/\/iparaiba.com.br\/index.php\/wp-json\/wp\/v2\/media\/116528"}],"wp:attachment":[{"href":"https:\/\/iparaiba.com.br\/index.php\/wp-json\/wp\/v2\/media?parent=121589"}],"wp:term":[{"taxonomy":"category","embeddable":true,"href":"https:\/\/iparaiba.com.br\/index.php\/wp-json\/wp\/v2\/categories?post=121589"},{"taxonomy":"post_tag","embeddable":true,"href":"https:\/\/iparaiba.com.br\/index.php\/wp-json\/wp\/v2\/tags?post=121589"}],"curies":[{"name":"wp","href":"https:\/\/api.w.org\/{rel}","templated":true}]}}