{"id":121546,"date":"2024-03-04T09:48:47","date_gmt":"2024-03-04T12:48:47","guid":{"rendered":"https:\/\/onordeste.com.br\/?p=121500"},"modified":"2024-03-04T09:48:47","modified_gmt":"2024-03-04T12:48:47","slug":"cfoab-de-luto-por-advogada-assassinada","status":"publish","type":"post","link":"https:\/\/iparaiba.com.br\/index.php\/2024\/03\/04\/cfoab-de-luto-por-advogada-assassinada\/","title":{"rendered":"CFOAB de luto por advogada assassinada"},"content":{"rendered":"<p>O Conselho Federal da OAB manifesta pesar e consterna\u00e7\u00e3o diante do tr\u00e1gico assassinato da advogada Andr\u00e9ia da Silva Teixeira, ocorrido na madrugada desta quinta-feira (29\/2), no Rio Grande do Norte.<\/p>\n<p>\u201cExpressamos nossa solidariedade \u00e0 fam\u00edlia, amigos e colegas de profiss\u00e3o neste momento de dor e indigna\u00e7\u00e3o. Exigimos das autoridades competentes uma investiga\u00e7\u00e3o rigorosa e r\u00e1pida para identificar e punir os respons\u00e1veis por mais esse crime\u201d, diz Beto Simonetti, presidente nacional da OAB.<\/p>\n<p>A OAB tem atuado pela aprova\u00e7\u00e3o do\u00a0<a href=\"https:\/\/www.oab.org.br\/noticia\/61982\/oab-apresenta-sugestoes-a-pl-que-qualifica-homicidio-de-advogados\" target=\"_blank\" rel=\"noopener\">Projeto de Lei 212\/2024<\/a>, que aumenta as penas para quem matar ou agredir advogados, e da concess\u00e3o de medidas protetivas imediatas para advogados amea\u00e7ados ou agredidos durante o exerc\u00edcio profissional.<\/p>\n","protected":false},"excerpt":{"rendered":"<p>O Conselho Federal da OAB manifesta pesar e consterna\u00e7\u00e3o diante do tr\u00e1gico assassinato da advogada Andr\u00e9ia da Silva Teixeira, ocorrido na madrugada desta quinta-feira (29\/2), no Rio Grande do Norte. \u201cExpressamos nossa solidariedade \u00e0 fam\u00edlia, amigos e colegas de profiss\u00e3o neste momento de dor e indigna\u00e7\u00e3o. Exigimos das autoridades competentes uma investiga\u00e7\u00e3o rigorosa e r\u00e1pida &hellip;<\/p>\n","protected":false},"author":1,"featured_media":98405,"comment_status":"open","ping_status":"open","sticky":false,"template":"","format":"standard","meta":{"footnotes":""},"categories":[6],"tags":[],"class_list":["post-121546","post","type-post","status-publish","format-standard","has-post-thumbnail","hentry","category-destaques"],"_links":{"self":[{"href":"https:\/\/iparaiba.com.br\/index.php\/wp-json\/wp\/v2\/posts\/121546","targetHints":{"allow":["GET"]}}],"collection":[{"href":"https:\/\/iparaiba.com.br\/index.php\/wp-json\/wp\/v2\/posts"}],"about":[{"href":"https:\/\/iparaiba.com.br\/index.php\/wp-json\/wp\/v2\/types\/post"}],"author":[{"embeddable":true,"href":"https:\/\/iparaiba.com.br\/index.php\/wp-json\/wp\/v2\/users\/1"}],"replies":[{"embeddable":true,"href":"https:\/\/iparaiba.com.br\/index.php\/wp-json\/wp\/v2\/comments?post=121546"}],"version-history":[{"count":0,"href":"https:\/\/iparaiba.com.br\/index.php\/wp-json\/wp\/v2\/posts\/121546\/revisions"}],"wp:featuredmedia":[{"embeddable":true,"href":"https:\/\/iparaiba.com.br\/index.php\/wp-json\/wp\/v2\/media\/98405"}],"wp:attachment":[{"href":"https:\/\/iparaiba.com.br\/index.php\/wp-json\/wp\/v2\/media?parent=121546"}],"wp:term":[{"taxonomy":"category","embeddable":true,"href":"https:\/\/iparaiba.com.br\/index.php\/wp-json\/wp\/v2\/categories?post=121546"},{"taxonomy":"post_tag","embeddable":true,"href":"https:\/\/iparaiba.com.br\/index.php\/wp-json\/wp\/v2\/tags?post=121546"}],"curies":[{"name":"wp","href":"https:\/\/api.w.org\/{rel}","templated":true}]}}