{"id":121544,"date":"2024-03-04T09:43:29","date_gmt":"2024-03-04T12:43:29","guid":{"rendered":"https:\/\/onordeste.com.br\/?p=121496"},"modified":"2024-03-04T09:43:29","modified_gmt":"2024-03-04T12:43:29","slug":"prefeitura-abre-o-mes-de-marco-com-lancamento-do-projeto-mulheres-extraordinarias-durante-forum-permanente-da-mulher","status":"publish","type":"post","link":"https:\/\/iparaiba.com.br\/index.php\/2024\/03\/04\/prefeitura-abre-o-mes-de-marco-com-lancamento-do-projeto-mulheres-extraordinarias-durante-forum-permanente-da-mulher\/","title":{"rendered":"Prefeitura abre o m\u00eas de mar\u00e7o com lan\u00e7amento do projeto \u201cMulheres Extraordin\u00e1rias\u201d durante F\u00f3rum Permanente da Mulher"},"content":{"rendered":"<p>O F\u00f3rum \u00e9 um equipamento da Coordenadoria da Mulher, que foi criado em novembro de 2022 e agrega representantes da sociedade p\u00fablica e civil que atuam no fortalecimento da luta em defesa da mulher.<\/p>\n<p>Na primeira reuni\u00e3o de 2024 do F\u00f3rum, realizada na manh\u00e3 desta sexta-feira, 1\u00b0, no Miniteatro Paulo Pontes, houve o lan\u00e7amento do quadro mensal \u201cMulheres Extraordin\u00e1rias\u201d com o objetivo de oferecer maior visibilidade a mulheres que s\u00e3o motivadoras por causa de sua hist\u00f3ria de vida.<\/p>\n<p>A coordenadora da Mulher em Campina, Talita Lucena fez a abertura do evento que reuni\u00e3o dezenas de representantes da sociedade civil e poder p\u00fablico. Na ocasi\u00e3o, Talita Lucena falou sobre a import\u00e2ncia do projeto. \u201cN\u00f3s pretendemos impactar a vida de muitas mulheres e incentiv\u00e1-las trav\u00e9s de exemplos inspiradores\u201d, disse.<\/p>\n<p>Talita Lucena tamb\u00e9m disse que o projeto ser\u00e1 repercutido no instagram @coordenadoriadamulhercg uma vez por m\u00eas destacando uma mulher com hist\u00f3ria de luta e supera\u00e7\u00e3o. As equipes da coordenadoria est\u00e3o recebendo sugest\u00f5es de nomes atrav\u00e9s do n\u00famero \u00e9 (83) 3330-0925.<\/p>\n<p>A palestrante Melina Cavalcante, p\u00f3s graduada em Intelig\u00eancia Emocional e Neuroci\u00eancia do Desenvolvimento, Abordou o tema \u201cA Constru\u00e7\u00e3o Social e a Sa\u00fade Mental da Mulher Contempor\u00e2nea\u201d. Melina falou acerca dos cuidados preventivos de car\u00e1ter psicol\u00f3gicos e sociais, j\u00e1 que as mulheres apresentam maiores \u00edndices de transtornos mentais em rela\u00e7\u00e3o aos homens.<\/p>\n<p>Para encerrar, foi entregue uma comenda a primeira homenageada do projeto \u201cMulheres Extraordin\u00e1rias\u201d, professora Patr\u00edcia Rosas. Ela emocionou a plateia com sua hist\u00f3ria de vida. Patr\u00edcia morou no lix\u00e3o durante a inf\u00e2ncia, mas encontrou na escola o motivo para tornar-se uma professora da UFPB.<\/p>\n","protected":false},"excerpt":{"rendered":"<p>O F\u00f3rum \u00e9 um equipamento da Coordenadoria da Mulher, que foi criado em novembro de 2022 e agrega representantes da sociedade p\u00fablica e civil que atuam no fortalecimento da luta em defesa da mulher. Na primeira reuni\u00e3o de 2024 do F\u00f3rum, realizada na manh\u00e3 desta sexta-feira, 1\u00b0, no Miniteatro Paulo Pontes, houve o lan\u00e7amento do &hellip;<\/p>\n","protected":false},"author":1,"featured_media":116741,"comment_status":"open","ping_status":"open","sticky":false,"template":"","format":"standard","meta":{"footnotes":""},"categories":[15],"tags":[],"class_list":["post-121544","post","type-post","status-publish","format-standard","has-post-thumbnail","hentry","category-links"],"_links":{"self":[{"href":"https:\/\/iparaiba.com.br\/index.php\/wp-json\/wp\/v2\/posts\/121544","targetHints":{"allow":["GET"]}}],"collection":[{"href":"https:\/\/iparaiba.com.br\/index.php\/wp-json\/wp\/v2\/posts"}],"about":[{"href":"https:\/\/iparaiba.com.br\/index.php\/wp-json\/wp\/v2\/types\/post"}],"author":[{"embeddable":true,"href":"https:\/\/iparaiba.com.br\/index.php\/wp-json\/wp\/v2\/users\/1"}],"replies":[{"embeddable":true,"href":"https:\/\/iparaiba.com.br\/index.php\/wp-json\/wp\/v2\/comments?post=121544"}],"version-history":[{"count":0,"href":"https:\/\/iparaiba.com.br\/index.php\/wp-json\/wp\/v2\/posts\/121544\/revisions"}],"wp:featuredmedia":[{"embeddable":true,"href":"https:\/\/iparaiba.com.br\/index.php\/wp-json\/wp\/v2\/media\/116741"}],"wp:attachment":[{"href":"https:\/\/iparaiba.com.br\/index.php\/wp-json\/wp\/v2\/media?parent=121544"}],"wp:term":[{"taxonomy":"category","embeddable":true,"href":"https:\/\/iparaiba.com.br\/index.php\/wp-json\/wp\/v2\/categories?post=121544"},{"taxonomy":"post_tag","embeddable":true,"href":"https:\/\/iparaiba.com.br\/index.php\/wp-json\/wp\/v2\/tags?post=121544"}],"curies":[{"name":"wp","href":"https:\/\/api.w.org\/{rel}","templated":true}]}}