{"id":121543,"date":"2024-03-04T09:42:31","date_gmt":"2024-03-04T12:42:31","guid":{"rendered":"https:\/\/onordeste.com.br\/?p=121494"},"modified":"2024-03-04T09:42:31","modified_gmt":"2024-03-04T12:42:31","slug":"promotora-de-saude-visita-estrutura-do-hospital-de-amor-e-hospital-materno-infantil-e-conhece-policlinica","status":"publish","type":"post","link":"https:\/\/iparaiba.com.br\/index.php\/2024\/03\/04\/promotora-de-saude-visita-estrutura-do-hospital-de-amor-e-hospital-materno-infantil-e-conhece-policlinica\/","title":{"rendered":"Promotora de Sa\u00fade visita estrutura do Hospital de Amor e Hospital Materno Infantil, e conhece Policl\u00ednica"},"content":{"rendered":"<p style=\"font-weight: 400;\">A promotora de Defesa dos Direitos da Sa\u00fade, do Minist\u00e9rio P\u00fablico da Para\u00edba em Campina Grande, Dra. Adriana Amorim, visitou na manh\u00e3 desta sexta-feira, 1, a estrutura onde ser\u00e3o alocados o Hospital de Amor e o Hospital Materno Infantil, na Avenida Floriano Peixoto e, em seguida, conheceu a Policl\u00ednica da Bela Vista.<\/p>\n<p style=\"font-weight: 400;\">\u201cFoi uma visita t\u00e9cnica para conhecimento da promotora dos procedimentos que estamos adotando para a afeta\u00e7\u00e3o do pr\u00e9dio com a finalidade de implanta\u00e7\u00e3o do Hospital de Amor e do Hospital Materno Infantil\u201d, disse o secret\u00e1rio municipal de Sa\u00fade, Carlos Dunga J\u00fanior.<\/p>\n<p style=\"font-weight: 400;\">Adriana Amorim fotografou cada espa\u00e7o e catalogou todas as informa\u00e7\u00f5es para um relat\u00f3rio t\u00e9cnico. O MPPB vem acompanhando passo a passo a a\u00e7\u00e3o respons\u00e1vel da Prefeitura de Campina Grande para colocar em funcionamento a estrutura do hospital com qualidade.<\/p>\n<p style=\"font-weight: 400;\">O Hospital de Amor vai oferecer atendimento para diagn\u00f3stico precoce do c\u00e2ncer de mama e do c\u00e2ncer de colo do \u00fatero, com capacidade para atender at\u00e9 350 mulheres por dia. J\u00e1 o Hospital Materno Infantil vai abrigar uma parte do chamado Pr\u00e9-natal de Alto Risco e dos ambulat\u00f3rios do Instituto de Sa\u00fade Elp\u00eddio de Almeida (ISEA).<\/p>\n<p style=\"font-weight: 400;\">Em seguida, a promotora conheceu a Policl\u00ednica da Bela Vista, que foi inaugurada nesta semana e que substituiu a antiga estrutura do Centro de Sa\u00fade da Bela Vista, que sofria com infiltra\u00e7\u00f5es e precariedade. A promotora ficou encantada com a qualidade da estrutura e dos equipamentos e comemorou a conquista da comunidade e do SUS, por meio da a\u00e7\u00e3o da gest\u00e3o municipal. A promotora aprovou a obra de requalifica\u00e7\u00e3o da Policl\u00ednica da Bela Vista.<\/p>\n","protected":false},"excerpt":{"rendered":"<p>A promotora de Defesa dos Direitos da Sa\u00fade, do Minist\u00e9rio P\u00fablico da Para\u00edba em Campina Grande, Dra. Adriana Amorim, visitou na manh\u00e3 desta sexta-feira, 1, a estrutura onde ser\u00e3o alocados o Hospital de Amor e o Hospital Materno Infantil, na Avenida Floriano Peixoto e, em seguida, conheceu a Policl\u00ednica da Bela Vista. \u201cFoi uma visita &hellip;<\/p>\n","protected":false},"author":1,"featured_media":115208,"comment_status":"open","ping_status":"open","sticky":false,"template":"","format":"standard","meta":{"footnotes":""},"categories":[2],"tags":[],"class_list":["post-121543","post","type-post","status-publish","format-standard","has-post-thumbnail","hentry","category-saude"],"_links":{"self":[{"href":"https:\/\/iparaiba.com.br\/index.php\/wp-json\/wp\/v2\/posts\/121543","targetHints":{"allow":["GET"]}}],"collection":[{"href":"https:\/\/iparaiba.com.br\/index.php\/wp-json\/wp\/v2\/posts"}],"about":[{"href":"https:\/\/iparaiba.com.br\/index.php\/wp-json\/wp\/v2\/types\/post"}],"author":[{"embeddable":true,"href":"https:\/\/iparaiba.com.br\/index.php\/wp-json\/wp\/v2\/users\/1"}],"replies":[{"embeddable":true,"href":"https:\/\/iparaiba.com.br\/index.php\/wp-json\/wp\/v2\/comments?post=121543"}],"version-history":[{"count":0,"href":"https:\/\/iparaiba.com.br\/index.php\/wp-json\/wp\/v2\/posts\/121543\/revisions"}],"wp:featuredmedia":[{"embeddable":true,"href":"https:\/\/iparaiba.com.br\/index.php\/wp-json\/wp\/v2\/media\/115208"}],"wp:attachment":[{"href":"https:\/\/iparaiba.com.br\/index.php\/wp-json\/wp\/v2\/media?parent=121543"}],"wp:term":[{"taxonomy":"category","embeddable":true,"href":"https:\/\/iparaiba.com.br\/index.php\/wp-json\/wp\/v2\/categories?post=121543"},{"taxonomy":"post_tag","embeddable":true,"href":"https:\/\/iparaiba.com.br\/index.php\/wp-json\/wp\/v2\/tags?post=121543"}],"curies":[{"name":"wp","href":"https:\/\/api.w.org\/{rel}","templated":true}]}}