{"id":121541,"date":"2024-03-06T18:24:59","date_gmt":"2024-03-06T21:24:59","guid":{"rendered":"https:\/\/onordeste.com.br\/?p=121541"},"modified":"2024-03-06T18:24:59","modified_gmt":"2024-03-06T21:24:59","slug":"projeto-preve-jornada-maxima-de-ate-12-horas-para-motoristas-de-aplicativo","status":"publish","type":"post","link":"https:\/\/iparaiba.com.br\/index.php\/2024\/03\/06\/projeto-preve-jornada-maxima-de-ate-12-horas-para-motoristas-de-aplicativo\/","title":{"rendered":"Projeto prev\u00ea jornada m\u00e1xima de at\u00e9 12 horas para motoristas de aplicativo"},"content":{"rendered":"<div id=\"chunk-5fg92\">\n<div class=\"mc-column content-text active-extra-styles active-capital-letter\" data-block-type=\"unstyled\" data-block-weight=\"44\" data-block-id=\"1\">\n<p class=\" content-text__container theme-color-primary-first-letter\" data-track-category=\"Link no Texto\" data-track-links=\"\">O projeto de lei que o governo deve enviar ao Congresso na pr\u00f3xima semana para\u00a0regulamentar o trabalho de motoristas por aplicativo estabelece que a jornada m\u00e1xima do trabalhador ser\u00e1 de 8 horas di\u00e1rias, com a possibilidade de chegar a 12 horas se houver acordo coletivo.<\/p>\n<\/div>\n<\/div>\n<div class=\"wall protected-content\">\n<div id=\"chunk-60eua\">\n<div class=\"mc-column content-text active-extra-styles \" data-block-type=\"unstyled\" data-block-weight=\"38\" data-block-id=\"3\">\n<p class=\" content-text__container \" data-track-category=\"Link no Texto\" data-track-links=\"\">No entanto, o projeto ainda ser\u00e1 enviado para regulamentar apenas o transporte de passageiros, em apps como Uber e 99. O governo ainda n\u00e3o conseguiu acordo com empresas como Rappi e iFood, focadas no transporte de alimentos e encomendas.<\/p>\n<p data-track-category=\"Link no Texto\" data-track-links=\"\">A ideia seria criar uma categoria, chamada \u201ctrabalhador aut\u00f4nomo por plataforma\u201d. Este trabalhador poder\u00e1 ter a liberdade de escolher em quais plataformas podem ser utilizadas, sem v\u00ednculo de exclusividade.<\/p>\n<p data-track-category=\"Link no Texto\" data-track-links=\"\">Al\u00e9m disso, igual a outras profiss\u00f5es, teria a cria\u00e7\u00e3o de um sindicato patronal e trabalhador, com acordos e conven\u00e7\u00f5es coletivas. O motorista tamb\u00e9m teria acesso a dados e m\u00e9tricas de pontua\u00e7\u00e3o das corridas.<\/p>\n<p data-track-category=\"Link no Texto\" data-track-links=\"\">No geral, o trabalhador teria, tamb\u00e9m, uma renda m\u00ednima mensal, com reajuste anual, e considerando os gastos com combust\u00edvel, manuten\u00e7\u00e3o, impostos, celular e outros. O projeto prop\u00f5e um valor de R$ 32,09 por hora trabalhada \u2013 sendo R$ 8,02 relativos ao trabalho e R$ 24,07 relativos ao ressarcimento dos custos da opera\u00e7\u00e3o.<\/p>\n<p data-track-category=\"Link no Texto\" data-track-links=\"\">G1<\/p>\n<\/div>\n<\/div>\n<\/div>\n","protected":false},"excerpt":{"rendered":"<p>O projeto de lei que o governo deve enviar ao Congresso na pr\u00f3xima semana para\u00a0regulamentar o trabalho de motoristas por aplicativo estabelece que a jornada m\u00e1xima do trabalhador ser\u00e1 de 8 horas di\u00e1rias, com a possibilidade de chegar a 12 horas se houver acordo coletivo. No entanto, o projeto ainda ser\u00e1 enviado para regulamentar apenas &hellip;<\/p>\n","protected":false},"author":1,"featured_media":115434,"comment_status":"open","ping_status":"open","sticky":false,"template":"","format":"standard","meta":{"footnotes":""},"categories":[10],"tags":[],"class_list":["post-121541","post","type-post","status-publish","format-standard","has-post-thumbnail","hentry","category-manchetes"],"_links":{"self":[{"href":"https:\/\/iparaiba.com.br\/index.php\/wp-json\/wp\/v2\/posts\/121541","targetHints":{"allow":["GET"]}}],"collection":[{"href":"https:\/\/iparaiba.com.br\/index.php\/wp-json\/wp\/v2\/posts"}],"about":[{"href":"https:\/\/iparaiba.com.br\/index.php\/wp-json\/wp\/v2\/types\/post"}],"author":[{"embeddable":true,"href":"https:\/\/iparaiba.com.br\/index.php\/wp-json\/wp\/v2\/users\/1"}],"replies":[{"embeddable":true,"href":"https:\/\/iparaiba.com.br\/index.php\/wp-json\/wp\/v2\/comments?post=121541"}],"version-history":[{"count":1,"href":"https:\/\/iparaiba.com.br\/index.php\/wp-json\/wp\/v2\/posts\/121541\/revisions"}],"predecessor-version":[{"id":121566,"href":"https:\/\/iparaiba.com.br\/index.php\/wp-json\/wp\/v2\/posts\/121541\/revisions\/121566"}],"wp:featuredmedia":[{"embeddable":true,"href":"https:\/\/iparaiba.com.br\/index.php\/wp-json\/wp\/v2\/media\/115434"}],"wp:attachment":[{"href":"https:\/\/iparaiba.com.br\/index.php\/wp-json\/wp\/v2\/media?parent=121541"}],"wp:term":[{"taxonomy":"category","embeddable":true,"href":"https:\/\/iparaiba.com.br\/index.php\/wp-json\/wp\/v2\/categories?post=121541"},{"taxonomy":"post_tag","embeddable":true,"href":"https:\/\/iparaiba.com.br\/index.php\/wp-json\/wp\/v2\/tags?post=121541"}],"curies":[{"name":"wp","href":"https:\/\/api.w.org\/{rel}","templated":true}]}}