{"id":121539,"date":"2024-03-06T16:22:41","date_gmt":"2024-03-06T19:22:41","guid":{"rendered":"https:\/\/onordeste.com.br\/?p=121539"},"modified":"2024-03-06T16:22:41","modified_gmt":"2024-03-06T19:22:41","slug":"revogada-reoneracao-de-mais-de-15-setores","status":"publish","type":"post","link":"https:\/\/iparaiba.com.br\/index.php\/2024\/03\/06\/revogada-reoneracao-de-mais-de-15-setores\/","title":{"rendered":"Revogada reonera\u00e7\u00e3o de mais de 15 setores"},"content":{"rendered":"<p>O presidente Luiz In\u00e1cio Lula da Silva assinou a exclus\u00e3o da reonera\u00e7\u00e3o gradual de impostos para 17 setores econ\u00f4micos que constava na Medida Provis\u00f3ria (MP) 1202, editada no final do ano passado. Com isso, esses setores ficam isentos do pagamento de impostos, por enquanto, at\u00e9 que o assunto seja resolvido por meio da tramita\u00e7\u00e3o de um projeto de lei de urg\u00eancia, que ainda ser\u00e1 enviado pelo governo federal.<\/p>\n<p>A decis\u00e3o de Lula j\u00e1 era aguardada e foi fruto de um acordo feito com lideran\u00e7as do Congresso Nacional, fechado ainda na semana passada. O an\u00fancio da revoga\u00e7\u00e3o foi feito pelo ministro da Secretaria de Rela\u00e7\u00f5es Institucionais, Alexandre Padilha. Segundo ele, o texto j\u00e1 foi despachado pelo presidente e estar\u00e1 publicado na edi\u00e7\u00e3o de quarta-feira (28) do Di\u00e1rio Oficial da Uni\u00e3o (DOU).<\/p>\n<p>A prorroga\u00e7\u00e3o da isen\u00e7\u00e3o de impostos foi aprovada pelo Congresso Nacional em 2023, por mais quatro anos, mas o presidente Luiz In\u00e1cio Lula da Silva vetou a medida.<\/p>\n<p>Ag\u00eancia Brasil<\/p>\n","protected":false},"excerpt":{"rendered":"<p>O presidente Luiz In\u00e1cio Lula da Silva assinou a exclus\u00e3o da reonera\u00e7\u00e3o gradual de impostos para 17 setores econ\u00f4micos que constava na Medida Provis\u00f3ria (MP) 1202, editada no final do ano passado. Com isso, esses setores ficam isentos do pagamento de impostos, por enquanto, at\u00e9 que o assunto seja resolvido por meio da tramita\u00e7\u00e3o de &hellip;<\/p>\n","protected":false},"author":1,"featured_media":98137,"comment_status":"open","ping_status":"open","sticky":false,"template":"","format":"standard","meta":{"footnotes":""},"categories":[16],"tags":[],"class_list":["post-121539","post","type-post","status-publish","format-standard","has-post-thumbnail","hentry","category-economia"],"_links":{"self":[{"href":"https:\/\/iparaiba.com.br\/index.php\/wp-json\/wp\/v2\/posts\/121539","targetHints":{"allow":["GET"]}}],"collection":[{"href":"https:\/\/iparaiba.com.br\/index.php\/wp-json\/wp\/v2\/posts"}],"about":[{"href":"https:\/\/iparaiba.com.br\/index.php\/wp-json\/wp\/v2\/types\/post"}],"author":[{"embeddable":true,"href":"https:\/\/iparaiba.com.br\/index.php\/wp-json\/wp\/v2\/users\/1"}],"replies":[{"embeddable":true,"href":"https:\/\/iparaiba.com.br\/index.php\/wp-json\/wp\/v2\/comments?post=121539"}],"version-history":[{"count":1,"href":"https:\/\/iparaiba.com.br\/index.php\/wp-json\/wp\/v2\/posts\/121539\/revisions"}],"predecessor-version":[{"id":121565,"href":"https:\/\/iparaiba.com.br\/index.php\/wp-json\/wp\/v2\/posts\/121539\/revisions\/121565"}],"wp:featuredmedia":[{"embeddable":true,"href":"https:\/\/iparaiba.com.br\/index.php\/wp-json\/wp\/v2\/media\/98137"}],"wp:attachment":[{"href":"https:\/\/iparaiba.com.br\/index.php\/wp-json\/wp\/v2\/media?parent=121539"}],"wp:term":[{"taxonomy":"category","embeddable":true,"href":"https:\/\/iparaiba.com.br\/index.php\/wp-json\/wp\/v2\/categories?post=121539"},{"taxonomy":"post_tag","embeddable":true,"href":"https:\/\/iparaiba.com.br\/index.php\/wp-json\/wp\/v2\/tags?post=121539"}],"curies":[{"name":"wp","href":"https:\/\/api.w.org\/{rel}","templated":true}]}}