{"id":121533,"date":"2024-03-06T10:00:52","date_gmt":"2024-03-06T13:00:52","guid":{"rendered":"https:\/\/onordeste.com.br\/?p=121533"},"modified":"2024-03-06T10:00:52","modified_gmt":"2024-03-06T13:00:52","slug":"pf-deflagra-a-operacao-nero-ii-para-combater-atos-criminosos-praticados-contra-instituicoes-publicas","status":"publish","type":"post","link":"https:\/\/iparaiba.com.br\/index.php\/2024\/03\/06\/pf-deflagra-a-operacao-nero-ii-para-combater-atos-criminosos-praticados-contra-instituicoes-publicas\/","title":{"rendered":"PF deflagra a Opera\u00e7\u00e3o Nero II para combater atos criminosos praticados contra institui\u00e7\u00f5es p\u00fablicas"},"content":{"rendered":"<p><b>Bras\u00edlia\/DF.<\/b> Pol\u00edcia Federal deflagra a segunda fase da Opera\u00e7\u00e3o Nero. O objetivo \u00e9 aprofundar as investiga\u00e7\u00f5es para a identifica\u00e7\u00e3o dos envolvidos na tentativa de invas\u00e3o ao Edif\u00edcio-Sede da Pol\u00edcia Federal, no dia 12\/12\/2022, e de dano e inc\u00eandio generalizados em face do patrim\u00f4nio p\u00fablico e privado.<\/p>\n<p>Na a\u00e7\u00e3o, est\u00e3o sendo cumpridos quatro mandados judiciais de busca e apreens\u00e3o, expedidos pelo Supremo Tribunal Federal, em Rond\u00f4nia, S\u00e3o Paulo e no Distrito Federal.<\/p>\n<p>No dia em quest\u00e3o, os suspeitos tentaram invadir a sede da Pol\u00edcia Federal com o objetivo de resgatar um indiv\u00edduo detido pela institui\u00e7\u00e3o, naquela data. Al\u00e9m disso, os indiv\u00edduos iniciaram uma s\u00e9rie de atos de vandalismo em Bras\u00edlia\/DF, incluindo a depreda\u00e7\u00e3o da 5\u00aa Delegacia de Pol\u00edcia Civil e inc\u00eandios provocados em \u00f4nibus coletivos e ve\u00edculos particulares.<\/p>\n<p>Os crimes objetos da apura\u00e7\u00e3o s\u00e3o de dano qualificado, inc\u00eandio majorado, associa\u00e7\u00e3o criminosa, aboli\u00e7\u00e3o violenta do Estado Democr\u00e1tico de Direito e golpe de Estado, cujas penas m\u00e1ximas somadas atingem 34 anos de pris\u00e3o.<\/p>\n<p style=\"text-align: left;\" align=\"right\"><i>Coordena\u00e7\u00e3o-Geral de Comunica\u00e7\u00e3o Social<\/i><\/p>\n","protected":false},"excerpt":{"rendered":"<p>Bras\u00edlia\/DF. Pol\u00edcia Federal deflagra a segunda fase da Opera\u00e7\u00e3o Nero. O objetivo \u00e9 aprofundar as investiga\u00e7\u00f5es para a identifica\u00e7\u00e3o dos envolvidos na tentativa de invas\u00e3o ao Edif\u00edcio-Sede da Pol\u00edcia Federal, no dia 12\/12\/2022, e de dano e inc\u00eandio generalizados em face do patrim\u00f4nio p\u00fablico e privado. Na a\u00e7\u00e3o, est\u00e3o sendo cumpridos quatro mandados judiciais de &hellip;<\/p>\n","protected":false},"author":1,"featured_media":119146,"comment_status":"open","ping_status":"open","sticky":false,"template":"","format":"standard","meta":{"footnotes":""},"categories":[13],"tags":[],"class_list":["post-121533","post","type-post","status-publish","format-standard","has-post-thumbnail","hentry","category-policial"],"_links":{"self":[{"href":"https:\/\/iparaiba.com.br\/index.php\/wp-json\/wp\/v2\/posts\/121533","targetHints":{"allow":["GET"]}}],"collection":[{"href":"https:\/\/iparaiba.com.br\/index.php\/wp-json\/wp\/v2\/posts"}],"about":[{"href":"https:\/\/iparaiba.com.br\/index.php\/wp-json\/wp\/v2\/types\/post"}],"author":[{"embeddable":true,"href":"https:\/\/iparaiba.com.br\/index.php\/wp-json\/wp\/v2\/users\/1"}],"replies":[{"embeddable":true,"href":"https:\/\/iparaiba.com.br\/index.php\/wp-json\/wp\/v2\/comments?post=121533"}],"version-history":[{"count":1,"href":"https:\/\/iparaiba.com.br\/index.php\/wp-json\/wp\/v2\/posts\/121533\/revisions"}],"predecessor-version":[{"id":121562,"href":"https:\/\/iparaiba.com.br\/index.php\/wp-json\/wp\/v2\/posts\/121533\/revisions\/121562"}],"wp:featuredmedia":[{"embeddable":true,"href":"https:\/\/iparaiba.com.br\/index.php\/wp-json\/wp\/v2\/media\/119146"}],"wp:attachment":[{"href":"https:\/\/iparaiba.com.br\/index.php\/wp-json\/wp\/v2\/media?parent=121533"}],"wp:term":[{"taxonomy":"category","embeddable":true,"href":"https:\/\/iparaiba.com.br\/index.php\/wp-json\/wp\/v2\/categories?post=121533"},{"taxonomy":"post_tag","embeddable":true,"href":"https:\/\/iparaiba.com.br\/index.php\/wp-json\/wp\/v2\/tags?post=121533"}],"curies":[{"name":"wp","href":"https:\/\/api.w.org\/{rel}","templated":true}]}}