{"id":121531,"date":"2024-03-06T08:00:01","date_gmt":"2024-03-06T11:00:01","guid":{"rendered":"https:\/\/onordeste.com.br\/?p=121531"},"modified":"2024-03-06T08:00:01","modified_gmt":"2024-03-06T11:00:01","slug":"pf-mira-suspeito-de-adquirir-notas-falsas-via-rede-social","status":"publish","type":"post","link":"https:\/\/iparaiba.com.br\/index.php\/2024\/03\/06\/pf-mira-suspeito-de-adquirir-notas-falsas-via-rede-social\/","title":{"rendered":"PF mira suspeito de adquirir notas falsas via rede social"},"content":{"rendered":"<p><strong>Ipatinga\/MG.<\/strong> A Pol\u00edcia Federal deflagrou a Opera\u00e7\u00e3o Fake Dealer, na cidade de Jo\u00e3o Monlevade\/MG. O objetivo \u00e9 cumprir mandado de busca e apreens\u00e3o, expedido pela 2\u00aa Vara C\u00edvel e Criminal da Subse\u00e7\u00e3o Judici\u00e1ria de Ipatinga\/MG. O alvo \u00e9 suspeito da pr\u00e1tica de crime de adquirir e colocar em circula\u00e7\u00e3o c\u00e9dulas falsas.<\/p>\n<p>No avan\u00e7ar da investiga\u00e7\u00e3o, identificou-se elementos de prova dando conta de que o investigado, al\u00e9m de negociar moeda falsa, tamb\u00e9m poderia estar ligado ao tr\u00e1fico de drogas, principalmente drogas sint\u00e9ticas, al\u00e9m de possuir armamento de fogo.<\/p>\n<p>Na a\u00e7\u00e3o, a PF teve como objetivo apreender c\u00e9dulas falsas de reais, drogas e arma de fogo, al\u00e9m de angariar elementos de prova que robustecessem a investiga\u00e7\u00e3o, como celulares, computadores, manuscritos dentre outros objetos que corroboram com a investiga\u00e7\u00e3o. Os mandados de busca e apreens\u00e3o foram cumpridos na resid\u00eancia do indiciado.\u00a0 \u00a0 \u00a0 \u00a0 \u00a0 \u00a0 \u00a0 \u00a0 \u00a0 \u00a0 \u00a0 \u00a0 \u00a0 \u00a0 \u00a0 \u00a0 \u00a0 \u00a0 \u00a0 \u00a0 \u00a0 \u00a0 \u00a0 \u00a0 \u00a0 \u00a0 \u00a0 \u00a0 \u00a0 \u00a0 \u00a0 \u00a0 \u00a0 \u00a0 \u00a0 \u00a0 \u00a0 \u00a0 \u00a0 \u00a0 \u00a0 \u00a0 \u00a0 \u00a0 \u00a0 \u00a0 \u00a0 \u00a0 \u00a0 \u00a0 \u00a0 \u00a0 \u00a0 \u00a0 \u00a0 \u00a0 \u00a0 \u00a0 \u00a0 \u00a0 \u00a0<em>\u00a0 \u00a0 \u00a0 \u00a0 \u00a0 \u00a0 \u00a0 \u00a0 \u00a0 \u00a0 \u00a0 <\/em><em>Pol\u00edcia Federal em Minas Gerais<\/em><em>\u00a0 \u00a0 \u00a0 \u00a0 \u00a0 \u00a0 \u00a0\u00a0<\/em><\/p>\n","protected":false},"excerpt":{"rendered":"<p>Ipatinga\/MG. A Pol\u00edcia Federal deflagrou a Opera\u00e7\u00e3o Fake Dealer, na cidade de Jo\u00e3o Monlevade\/MG. O objetivo \u00e9 cumprir mandado de busca e apreens\u00e3o, expedido pela 2\u00aa Vara C\u00edvel e Criminal da Subse\u00e7\u00e3o Judici\u00e1ria de Ipatinga\/MG. O alvo \u00e9 suspeito da pr\u00e1tica de crime de adquirir e colocar em circula\u00e7\u00e3o c\u00e9dulas falsas. No avan\u00e7ar da investiga\u00e7\u00e3o, &hellip;<\/p>\n","protected":false},"author":1,"featured_media":98035,"comment_status":"open","ping_status":"open","sticky":false,"template":"","format":"standard","meta":{"footnotes":""},"categories":[13],"tags":[],"class_list":["post-121531","post","type-post","status-publish","format-standard","has-post-thumbnail","hentry","category-policial"],"_links":{"self":[{"href":"https:\/\/iparaiba.com.br\/index.php\/wp-json\/wp\/v2\/posts\/121531","targetHints":{"allow":["GET"]}}],"collection":[{"href":"https:\/\/iparaiba.com.br\/index.php\/wp-json\/wp\/v2\/posts"}],"about":[{"href":"https:\/\/iparaiba.com.br\/index.php\/wp-json\/wp\/v2\/types\/post"}],"author":[{"embeddable":true,"href":"https:\/\/iparaiba.com.br\/index.php\/wp-json\/wp\/v2\/users\/1"}],"replies":[{"embeddable":true,"href":"https:\/\/iparaiba.com.br\/index.php\/wp-json\/wp\/v2\/comments?post=121531"}],"version-history":[{"count":1,"href":"https:\/\/iparaiba.com.br\/index.php\/wp-json\/wp\/v2\/posts\/121531\/revisions"}],"predecessor-version":[{"id":121561,"href":"https:\/\/iparaiba.com.br\/index.php\/wp-json\/wp\/v2\/posts\/121531\/revisions\/121561"}],"wp:featuredmedia":[{"embeddable":true,"href":"https:\/\/iparaiba.com.br\/index.php\/wp-json\/wp\/v2\/media\/98035"}],"wp:attachment":[{"href":"https:\/\/iparaiba.com.br\/index.php\/wp-json\/wp\/v2\/media?parent=121531"}],"wp:term":[{"taxonomy":"category","embeddable":true,"href":"https:\/\/iparaiba.com.br\/index.php\/wp-json\/wp\/v2\/categories?post=121531"},{"taxonomy":"post_tag","embeddable":true,"href":"https:\/\/iparaiba.com.br\/index.php\/wp-json\/wp\/v2\/tags?post=121531"}],"curies":[{"name":"wp","href":"https:\/\/api.w.org\/{rel}","templated":true}]}}