{"id":121529,"date":"2024-03-06T06:00:14","date_gmt":"2024-03-06T09:00:14","guid":{"rendered":"https:\/\/onordeste.com.br\/?p=121529"},"modified":"2024-03-06T06:00:14","modified_gmt":"2024-03-06T09:00:14","slug":"mandados-de-busca-e-apreensao-contra-cac","status":"publish","type":"post","link":"https:\/\/iparaiba.com.br\/index.php\/2024\/03\/06\/mandados-de-busca-e-apreensao-contra-cac\/","title":{"rendered":"Mandados de busca e apreens\u00e3o contra CAC"},"content":{"rendered":"<p><b>Governador Valadares\/MG<\/b>. A For\u00e7a Integrada de Combate ao Crime Organizado em Governador Valadares\/MG (FICCO\/GVS), coordenada pela Pol\u00edcia Federal e integrada pelas pol\u00edcias Civil\/MG, Militar\/MG e Penal\/MG, deflagrou na cidade de Governador Valadares\/MG, a Opera\u00e7\u00e3o Ricochete. Objetivo \u00e9 dar cumprimento a mandados de busca e apreens\u00e3o expedidos contra um colecionador, atirador e ca\u00e7ador (CAC).<\/p>\n<p>Foram cumpridos cinco mandados de busca e apreens\u00e3o expedidos pela 3\u00aa Vara Criminal de Governador Valadares, e efetuada uma pris\u00e3o em flagrante, al\u00e9m de terem sido apreendidas armas de fogo e muni\u00e7\u00f5es.<\/p>\n<p>Durante as investiga\u00e7\u00f5es da Opera\u00e7\u00e3o Ata\u00fade foi revelado que o homem praticava o com\u00e9rcio ilegal de armas e muni\u00e7\u00f5es para associa\u00e7\u00f5es criminosas em atividade na cidade de Governador Valadares.<\/p>\n<p>O investigado, al\u00e9m de fornecer armas de fogo e muni\u00e7\u00f5es para associa\u00e7\u00f5es criminosas envolvidas com os crimes de tr\u00e1fico de drogas e homic\u00eddio, ostentava a posse nas redes sociais. Ele responder\u00e1 pelo com\u00e9rcio e pela posse ilegal de arma de fogo, cujas penas m\u00e1ximas somadas chegam a 15 anos de reclus\u00e3o.<\/p>\n<p>O preso ser\u00e1 encaminhado para a delegacia da PF em Governador Valadares para a lavratura do flagrante. Posteriormente ser\u00e1 encaminhado ao sistema prisional onde ficar\u00e1 \u00e0 disposi\u00e7\u00e3o da Justi\u00e7a.<\/p>\n<p>As a\u00e7\u00f5es policiais desencadeadas na FICCO\/GVS s\u00e3o produto da integra\u00e7\u00e3o e coopera\u00e7\u00e3o interag\u00eancias dos \u00f3rg\u00e3os policiais &#8211; sem fronteiras.<\/p>\n<p align=\"right\"><i>Comunica\u00e7\u00e3o Social<br \/>\n<\/i><i>Superintend\u00eancia da Pol\u00edcia Federal em Minas Gerais<\/i><\/p>\n","protected":false},"excerpt":{"rendered":"<p>Governador Valadares\/MG. A For\u00e7a Integrada de Combate ao Crime Organizado em Governador Valadares\/MG (FICCO\/GVS), coordenada pela Pol\u00edcia Federal e integrada pelas pol\u00edcias Civil\/MG, Militar\/MG e Penal\/MG, deflagrou na cidade de Governador Valadares\/MG, a Opera\u00e7\u00e3o Ricochete. Objetivo \u00e9 dar cumprimento a mandados de busca e apreens\u00e3o expedidos contra um colecionador, atirador e ca\u00e7ador (CAC). Foram cumpridos &hellip;<\/p>\n","protected":false},"author":1,"featured_media":104189,"comment_status":"open","ping_status":"open","sticky":false,"template":"","format":"standard","meta":{"footnotes":""},"categories":[13],"tags":[],"class_list":["post-121529","post","type-post","status-publish","format-standard","has-post-thumbnail","hentry","category-policial"],"_links":{"self":[{"href":"https:\/\/iparaiba.com.br\/index.php\/wp-json\/wp\/v2\/posts\/121529","targetHints":{"allow":["GET"]}}],"collection":[{"href":"https:\/\/iparaiba.com.br\/index.php\/wp-json\/wp\/v2\/posts"}],"about":[{"href":"https:\/\/iparaiba.com.br\/index.php\/wp-json\/wp\/v2\/types\/post"}],"author":[{"embeddable":true,"href":"https:\/\/iparaiba.com.br\/index.php\/wp-json\/wp\/v2\/users\/1"}],"replies":[{"embeddable":true,"href":"https:\/\/iparaiba.com.br\/index.php\/wp-json\/wp\/v2\/comments?post=121529"}],"version-history":[{"count":1,"href":"https:\/\/iparaiba.com.br\/index.php\/wp-json\/wp\/v2\/posts\/121529\/revisions"}],"predecessor-version":[{"id":121560,"href":"https:\/\/iparaiba.com.br\/index.php\/wp-json\/wp\/v2\/posts\/121529\/revisions\/121560"}],"wp:featuredmedia":[{"embeddable":true,"href":"https:\/\/iparaiba.com.br\/index.php\/wp-json\/wp\/v2\/media\/104189"}],"wp:attachment":[{"href":"https:\/\/iparaiba.com.br\/index.php\/wp-json\/wp\/v2\/media?parent=121529"}],"wp:term":[{"taxonomy":"category","embeddable":true,"href":"https:\/\/iparaiba.com.br\/index.php\/wp-json\/wp\/v2\/categories?post=121529"},{"taxonomy":"post_tag","embeddable":true,"href":"https:\/\/iparaiba.com.br\/index.php\/wp-json\/wp\/v2\/tags?post=121529"}],"curies":[{"name":"wp","href":"https:\/\/api.w.org\/{rel}","templated":true}]}}