{"id":121527,"date":"2024-03-05T18:07:58","date_gmt":"2024-03-05T21:07:58","guid":{"rendered":"https:\/\/onordeste.com.br\/?p=121527"},"modified":"2024-03-05T18:07:58","modified_gmt":"2024-03-05T21:07:58","slug":"chuvas-com-volumes-acima-dos-100-mm-no-nordeste","status":"publish","type":"post","link":"https:\/\/iparaiba.com.br\/index.php\/2024\/03\/05\/chuvas-com-volumes-acima-dos-100-mm-no-nordeste\/","title":{"rendered":"Chuvas com volumes acima dos 100 mm no Nordeste"},"content":{"rendered":"<p>O Instituto Nacional de Meteorologia (Inmet) concluiu, nesta segunda-feira (26), a previs\u00e3o do tempo para as pr\u00f3ximas duas semanas.<\/p>\n<p>Na primeira, entre os dias 26 de fevereiro e 4 de mar\u00e7o, grandes acumulados de chuva (possivelmente maiores que 80 mil\u00edmetros) devem afetar \u00e1reas das regi\u00f5es Norte e Nordeste e, tamb\u00e9m, o estado de Minas Gerais devido \u00e0 combina\u00e7\u00e3o do calor com a alta umidade.<\/p>\n<p>Na faixa norte do Pa\u00eds, a Zona de Converg\u00eancia Intertropical (ZCIT) dever\u00e1 fortalecer as instabilidades, provocando chuva intensa, principalmente, nos estados do Amap\u00e1, Par\u00e1, Maranh\u00e3o, Piau\u00ed, Cear\u00e1, Rio Grande do Norte, Para\u00edba e Pernambuco.<\/p>\n<p>No centro-norte da Regi\u00e3o Nordeste, s\u00e3o previstas pancadas de chuva localmente fortes, com maior intensidade em \u00e1reas do Maranh\u00e3o, Piau\u00ed, Cear\u00e1, Rio Grande do Norte, Pernambuco e Para\u00edba, onde n\u00e3o se descartam volumes superiores a 100,0 mm. Nas demais \u00e1reas, n\u00e3o se descartam pancadas de chuva isoladas com menores acumulados.<\/p>\n<p>Na segunda semana, entre os dias 5 e 13 de mar\u00e7o de 2024, a previs\u00e3o indica volumes de chuva maiores que 60 mm em grande parte do Pa\u00eds.<\/p>\n<p>Na Regi\u00e3o Nordeste, a previs\u00e3o \u00e9 de chuva em forma de pancadas, podendo superar 50,0 mm em praticamente toda a regi\u00e3o.<\/p>\n<p>A chuva pode ser localmente forte em \u00e1reas do Maranh\u00e3o, Piau\u00ed, Cear\u00e1 e na costa leste e sert\u00e3o da Para\u00edba e de Pernambuco. Nas demais \u00e1reas, s\u00e3o previstos menores acumulados de chuva.<br \/>\nblogdomaxsilva<\/p>\n","protected":false},"excerpt":{"rendered":"<p>O Instituto Nacional de Meteorologia (Inmet) concluiu, nesta segunda-feira (26), a previs\u00e3o do tempo para as pr\u00f3ximas duas semanas. Na primeira, entre os dias 26 de fevereiro e 4 de mar\u00e7o, grandes acumulados de chuva (possivelmente maiores que 80 mil\u00edmetros) devem afetar \u00e1reas das regi\u00f5es Norte e Nordeste e, tamb\u00e9m, o estado de Minas Gerais &hellip;<\/p>\n","protected":false},"author":1,"featured_media":97452,"comment_status":"open","ping_status":"open","sticky":false,"template":"","format":"standard","meta":{"footnotes":""},"categories":[3],"tags":[],"class_list":["post-121527","post","type-post","status-publish","format-standard","has-post-thumbnail","hentry","category-nordeste"],"_links":{"self":[{"href":"https:\/\/iparaiba.com.br\/index.php\/wp-json\/wp\/v2\/posts\/121527","targetHints":{"allow":["GET"]}}],"collection":[{"href":"https:\/\/iparaiba.com.br\/index.php\/wp-json\/wp\/v2\/posts"}],"about":[{"href":"https:\/\/iparaiba.com.br\/index.php\/wp-json\/wp\/v2\/types\/post"}],"author":[{"embeddable":true,"href":"https:\/\/iparaiba.com.br\/index.php\/wp-json\/wp\/v2\/users\/1"}],"replies":[{"embeddable":true,"href":"https:\/\/iparaiba.com.br\/index.php\/wp-json\/wp\/v2\/comments?post=121527"}],"version-history":[{"count":1,"href":"https:\/\/iparaiba.com.br\/index.php\/wp-json\/wp\/v2\/posts\/121527\/revisions"}],"predecessor-version":[{"id":121559,"href":"https:\/\/iparaiba.com.br\/index.php\/wp-json\/wp\/v2\/posts\/121527\/revisions\/121559"}],"wp:featuredmedia":[{"embeddable":true,"href":"https:\/\/iparaiba.com.br\/index.php\/wp-json\/wp\/v2\/media\/97452"}],"wp:attachment":[{"href":"https:\/\/iparaiba.com.br\/index.php\/wp-json\/wp\/v2\/media?parent=121527"}],"wp:term":[{"taxonomy":"category","embeddable":true,"href":"https:\/\/iparaiba.com.br\/index.php\/wp-json\/wp\/v2\/categories?post=121527"},{"taxonomy":"post_tag","embeddable":true,"href":"https:\/\/iparaiba.com.br\/index.php\/wp-json\/wp\/v2\/tags?post=121527"}],"curies":[{"name":"wp","href":"https:\/\/api.w.org\/{rel}","templated":true}]}}