{"id":121525,"date":"2024-03-05T16:06:27","date_gmt":"2024-03-05T19:06:27","guid":{"rendered":"https:\/\/onordeste.com.br\/?p=121525"},"modified":"2024-03-05T16:06:27","modified_gmt":"2024-03-05T19:06:27","slug":"governo-da-paraiba-lanca-icms-cultural","status":"publish","type":"post","link":"https:\/\/iparaiba.com.br\/index.php\/2024\/03\/05\/governo-da-paraiba-lanca-icms-cultural\/","title":{"rendered":"Governo da Para\u00edba lan\u00e7a ICMS Cultural"},"content":{"rendered":"<p>O Governo da Para\u00edba, por meio da Secretaria de Estado da Cultura (Secult-PB), lan\u00e7ou o ICMS Cultural 2024. O programa, que prev\u00ea aporte de R$ 3,8 milh\u00f5es no setor, faz parte das a\u00e7\u00f5es anunciadas pelo governador Jo\u00e3o Azev\u00eado para incentivar a cultura neste ano. Est\u00e3o previstos investimentos de R$ 50 milh\u00f5es para o segmento.<\/p>\n<p>O ICMS Cultural incentiva a participa\u00e7\u00e3o das empresas no desenvolvimento cultural do estado, promovendo uma ponte entre o setor p\u00fablico e privado, tendo como princ\u00edpio a isen\u00e7\u00e3o fiscal para empresas apoiadoras da cultura paraibana.<\/p>\n<p>Empresas e proponentes interessados em participar do programa podem realizar o cadastro preenchendo a documenta\u00e7\u00e3o necess\u00e1ria no site da Secretaria de Estado da Cultura da Para\u00edba (cultura.pb.gov.br).<\/p>\n<p>O aporte da empresas independe de linguagem art\u00edstica, podendo ser aplicado \u00e0 produ\u00e7\u00e3o audiovisual, arquivo, museu, patrim\u00f4nio e mem\u00f3ria; artes integradas; culturas digitais; artes visuais; circo; dan\u00e7a; teatro; patrim\u00f4nio hist\u00f3rico material e imaterial, literatura, cultura afro-brasileira, cultura popular, povos ind\u00edgenas, povos ciganos, comunidades quilombolas, comunidades tradicionais de matriz africana ou de terreiro, capoeira, artesanato, fotografia, grafite, economia criativa e solid\u00e1ria; forma\u00e7\u00e3o e pesquisa na \u00e1rea cultural; biblioteca; m\u00fasica, entre outras express\u00f5es.<\/p>\n","protected":false},"excerpt":{"rendered":"<p>O Governo da Para\u00edba, por meio da Secretaria de Estado da Cultura (Secult-PB), lan\u00e7ou o ICMS Cultural 2024. O programa, que prev\u00ea aporte de R$ 3,8 milh\u00f5es no setor, faz parte das a\u00e7\u00f5es anunciadas pelo governador Jo\u00e3o Azev\u00eado para incentivar a cultura neste ano. Est\u00e3o previstos investimentos de R$ 50 milh\u00f5es para o segmento. O &hellip;<\/p>\n","protected":false},"author":1,"featured_media":106064,"comment_status":"open","ping_status":"open","sticky":false,"template":"","format":"standard","meta":{"footnotes":""},"categories":[4,10],"tags":[],"class_list":["post-121525","post","type-post","status-publish","format-standard","has-post-thumbnail","hentry","category-cultura","category-manchetes"],"_links":{"self":[{"href":"https:\/\/iparaiba.com.br\/index.php\/wp-json\/wp\/v2\/posts\/121525","targetHints":{"allow":["GET"]}}],"collection":[{"href":"https:\/\/iparaiba.com.br\/index.php\/wp-json\/wp\/v2\/posts"}],"about":[{"href":"https:\/\/iparaiba.com.br\/index.php\/wp-json\/wp\/v2\/types\/post"}],"author":[{"embeddable":true,"href":"https:\/\/iparaiba.com.br\/index.php\/wp-json\/wp\/v2\/users\/1"}],"replies":[{"embeddable":true,"href":"https:\/\/iparaiba.com.br\/index.php\/wp-json\/wp\/v2\/comments?post=121525"}],"version-history":[{"count":1,"href":"https:\/\/iparaiba.com.br\/index.php\/wp-json\/wp\/v2\/posts\/121525\/revisions"}],"predecessor-version":[{"id":121558,"href":"https:\/\/iparaiba.com.br\/index.php\/wp-json\/wp\/v2\/posts\/121525\/revisions\/121558"}],"wp:featuredmedia":[{"embeddable":true,"href":"https:\/\/iparaiba.com.br\/index.php\/wp-json\/wp\/v2\/media\/106064"}],"wp:attachment":[{"href":"https:\/\/iparaiba.com.br\/index.php\/wp-json\/wp\/v2\/media?parent=121525"}],"wp:term":[{"taxonomy":"category","embeddable":true,"href":"https:\/\/iparaiba.com.br\/index.php\/wp-json\/wp\/v2\/categories?post=121525"},{"taxonomy":"post_tag","embeddable":true,"href":"https:\/\/iparaiba.com.br\/index.php\/wp-json\/wp\/v2\/tags?post=121525"}],"curies":[{"name":"wp","href":"https:\/\/api.w.org\/{rel}","templated":true}]}}