{"id":121524,"date":"2024-03-05T14:04:49","date_gmt":"2024-03-05T17:04:49","guid":{"rendered":"https:\/\/onordeste.com.br\/?p=121523"},"modified":"2024-03-05T14:04:49","modified_gmt":"2024-03-05T17:04:49","slug":"intensificadas-acoes-do-plano-estrategico-de-combate-a-dengue","status":"publish","type":"post","link":"https:\/\/iparaiba.com.br\/index.php\/2024\/03\/05\/intensificadas-acoes-do-plano-estrategico-de-combate-a-dengue\/","title":{"rendered":"Intensificadas a\u00e7\u00f5es do plano estrat\u00e9gico de combate \u00e0 dengue"},"content":{"rendered":"<p>O Governo da Para\u00edba, por meio da Secretaria de Estado da Sa\u00fade (SES), est\u00e1 intensificando as a\u00e7\u00f5es do plano estrat\u00e9gico de combate \u00e0 dengue. Para tanto, neste s\u00e1bado (2), foi realizado um segundo Dia D de mobiliza\u00e7\u00e3o contra a doen\u00e7a, com o objetivo de conscientizar e orientar a popula\u00e7\u00e3o sobre os riscos das arboviroses, al\u00e9m de fazer busca ativa de focos do mosquito transmissor da dengue, zika e chikungunya. A a\u00e7\u00e3o est\u00e1 prevista no Plano Estadual de Conting\u00eancia das Arboviroses, que est\u00e1 vigente no estado.<\/p>\n<p>De acordo com o secret\u00e1rio de Sa\u00fade da Para\u00edba, Jhony Bezerra, a Para\u00edba, desde o final de 2023, vem mantendo o di\u00e1logo com os munic\u00edpios e realizando capacita\u00e7\u00f5es com as equipes a respeito da intensifica\u00e7\u00e3o da preven\u00e7\u00e3o de focos do mosquito e a respeito do manejo cl\u00ednico dos pacientes. A Rede Estadual, bem como a municipal, est\u00e3o abastecidas de medicamentos para combater os sintomas, visto que n\u00e3o h\u00e1 um medicamento espec\u00edfico para o agravo, al\u00e9m de soro para a hidrata\u00e7\u00e3o de pacientes mais graves.<\/p>\n","protected":false},"excerpt":{"rendered":"<p>O Governo da Para\u00edba, por meio da Secretaria de Estado da Sa\u00fade (SES), est\u00e1 intensificando as a\u00e7\u00f5es do plano estrat\u00e9gico de combate \u00e0 dengue. Para tanto, neste s\u00e1bado (2), foi realizado um segundo Dia D de mobiliza\u00e7\u00e3o contra a doen\u00e7a, com o objetivo de conscientizar e orientar a popula\u00e7\u00e3o sobre os riscos das arboviroses, al\u00e9m &hellip;<\/p>\n","protected":false},"author":1,"featured_media":98003,"comment_status":"open","ping_status":"open","sticky":false,"template":"","format":"standard","meta":{"footnotes":""},"categories":[6],"tags":[],"class_list":["post-121524","post","type-post","status-publish","format-standard","has-post-thumbnail","hentry","category-destaques"],"_links":{"self":[{"href":"https:\/\/iparaiba.com.br\/index.php\/wp-json\/wp\/v2\/posts\/121524","targetHints":{"allow":["GET"]}}],"collection":[{"href":"https:\/\/iparaiba.com.br\/index.php\/wp-json\/wp\/v2\/posts"}],"about":[{"href":"https:\/\/iparaiba.com.br\/index.php\/wp-json\/wp\/v2\/types\/post"}],"author":[{"embeddable":true,"href":"https:\/\/iparaiba.com.br\/index.php\/wp-json\/wp\/v2\/users\/1"}],"replies":[{"embeddable":true,"href":"https:\/\/iparaiba.com.br\/index.php\/wp-json\/wp\/v2\/comments?post=121524"}],"version-history":[{"count":1,"href":"https:\/\/iparaiba.com.br\/index.php\/wp-json\/wp\/v2\/posts\/121524\/revisions"}],"predecessor-version":[{"id":121557,"href":"https:\/\/iparaiba.com.br\/index.php\/wp-json\/wp\/v2\/posts\/121524\/revisions\/121557"}],"wp:featuredmedia":[{"embeddable":true,"href":"https:\/\/iparaiba.com.br\/index.php\/wp-json\/wp\/v2\/media\/98003"}],"wp:attachment":[{"href":"https:\/\/iparaiba.com.br\/index.php\/wp-json\/wp\/v2\/media?parent=121524"}],"wp:term":[{"taxonomy":"category","embeddable":true,"href":"https:\/\/iparaiba.com.br\/index.php\/wp-json\/wp\/v2\/categories?post=121524"},{"taxonomy":"post_tag","embeddable":true,"href":"https:\/\/iparaiba.com.br\/index.php\/wp-json\/wp\/v2\/tags?post=121524"}],"curies":[{"name":"wp","href":"https:\/\/api.w.org\/{rel}","templated":true}]}}