{"id":121521,"date":"2024-03-05T08:01:01","date_gmt":"2024-03-05T11:01:01","guid":{"rendered":"https:\/\/onordeste.com.br\/?p=121517"},"modified":"2024-03-05T08:01:01","modified_gmt":"2024-03-05T11:01:01","slug":"estado-inicia-mes-de-marco-com-doacao-de-orgaos-e-tecidos","status":"publish","type":"post","link":"https:\/\/iparaiba.com.br\/index.php\/2024\/03\/05\/estado-inicia-mes-de-marco-com-doacao-de-orgaos-e-tecidos\/","title":{"rendered":"Estado inicia m\u00eas de mar\u00e7o com doa\u00e7\u00e3o de \u00f3rg\u00e3os e tecidos"},"content":{"rendered":"<p>A primeira doa\u00e7\u00e3o de m\u00faltiplos \u00f3rg\u00e3os do m\u00eas de mar\u00e7o foi registrada pela Central Estadual de Transplantes no in\u00edcio da manh\u00e3 dessa sexta-feira (1\u00ba), no Hospital de Emerg\u00eancia e Trauma Senador Humberto Lucena, em Jo\u00e3o Pessoa. A doadora foi uma adolescente de 15 anos, v\u00edtima de encefalopatia hip\u00f3xica, que \u00e9 a interrup\u00e7\u00e3o do fornecimento de oxig\u00eanio e nutrientes ao enc\u00e9falo.<\/p>\n<p>Com a permiss\u00e3o familiar, ap\u00f3s a confirma\u00e7\u00e3o da morte encef\u00e1lica, foram doados o f\u00edgado, os rins e as c\u00f3rneas. O gesto permitir\u00e1 que cinco pessoas saiam da lista de espera e tenham melhor qualidade de vida. Para que a morte encef\u00e1lica seja atestada, \u00e9 seguido um rigoroso protocolo definido pelo Conselho Federal de Medicina, em que s\u00e3o realizados exames cl\u00ednicos e de imagem, por diferentes m\u00e9dicos e em hor\u00e1rios distintos.<\/p>\n<p>Conforme a diretora da Central de Transplantes, Rafaela Dias, ap\u00f3s a doa\u00e7\u00e3o, acontece a identifica\u00e7\u00e3o dos receptores compat\u00edveis, levando em considera\u00e7\u00e3o, entre outros fatores, a tipagem sangu\u00ednea, peso e altura. \u201cPara a defini\u00e7\u00e3o do receptor s\u00e3o observados v\u00e1rios par\u00e2metros definidos atrav\u00e9s de exames. E a lista de transplantes respeita a ordem cronol\u00f3gica de cadastro, mas a gravidade da doen\u00e7a e o tempo de interna\u00e7\u00e3o s\u00e3o crit\u00e9rios de propriedade e desempate, em caso de mais de um candidato em situa\u00e7\u00e3o parecida,\u201d explica.<\/p>\n<p>O f\u00edgado teve como destino um receptor paraibano de 68 anos, o rim direito foi encaminhado para o estado de S\u00e3o Paulo e vai ser implantado em um menino de oito anos, o rim esquerdo tamb\u00e9m beneficiou um paraibano, de 57 anos, e por \u00faltimo, as c\u00f3rneas foram enviadas para avalia\u00e7\u00e3o no Banco de Olhos e posterior transplante.<\/p>\n<p>Ap\u00f3s a cirurgia de capta\u00e7\u00e3o, o transporte dos \u00f3rg\u00e3os at\u00e9 o hospital transplantador e aeroporto \u00e9 feito com o apoio de uma equipe do Corpo de Bombeiros, para dar agilidade ao processo.<\/p>\n<p>De acordo com dados do setor de estat\u00edstica da Central de Transplantes, esta \u00e9 a oitava doa\u00e7\u00e3o de m\u00faltiplos \u00f3rg\u00e3os este ano, e j\u00e1 foram contabilizados 42 transplantes, sendo 34 de c\u00f3rneas, um de cora\u00e7\u00e3o, quatro de rim, e tr\u00eas de f\u00edgado.<\/p>\n","protected":false},"excerpt":{"rendered":"<p>A primeira doa\u00e7\u00e3o de m\u00faltiplos \u00f3rg\u00e3os do m\u00eas de mar\u00e7o foi registrada pela Central Estadual de Transplantes no in\u00edcio da manh\u00e3 dessa sexta-feira (1\u00ba), no Hospital de Emerg\u00eancia e Trauma Senador Humberto Lucena, em Jo\u00e3o Pessoa. A doadora foi uma adolescente de 15 anos, v\u00edtima de encefalopatia hip\u00f3xica, que \u00e9 a interrup\u00e7\u00e3o do fornecimento de &hellip;<\/p>\n","protected":false},"author":1,"featured_media":109381,"comment_status":"open","ping_status":"open","sticky":false,"template":"","format":"standard","meta":{"footnotes":""},"categories":[2],"tags":[],"class_list":["post-121521","post","type-post","status-publish","format-standard","has-post-thumbnail","hentry","category-saude"],"_links":{"self":[{"href":"https:\/\/iparaiba.com.br\/index.php\/wp-json\/wp\/v2\/posts\/121521","targetHints":{"allow":["GET"]}}],"collection":[{"href":"https:\/\/iparaiba.com.br\/index.php\/wp-json\/wp\/v2\/posts"}],"about":[{"href":"https:\/\/iparaiba.com.br\/index.php\/wp-json\/wp\/v2\/types\/post"}],"author":[{"embeddable":true,"href":"https:\/\/iparaiba.com.br\/index.php\/wp-json\/wp\/v2\/users\/1"}],"replies":[{"embeddable":true,"href":"https:\/\/iparaiba.com.br\/index.php\/wp-json\/wp\/v2\/comments?post=121521"}],"version-history":[{"count":1,"href":"https:\/\/iparaiba.com.br\/index.php\/wp-json\/wp\/v2\/posts\/121521\/revisions"}],"predecessor-version":[{"id":121554,"href":"https:\/\/iparaiba.com.br\/index.php\/wp-json\/wp\/v2\/posts\/121521\/revisions\/121554"}],"wp:featuredmedia":[{"embeddable":true,"href":"https:\/\/iparaiba.com.br\/index.php\/wp-json\/wp\/v2\/media\/109381"}],"wp:attachment":[{"href":"https:\/\/iparaiba.com.br\/index.php\/wp-json\/wp\/v2\/media?parent=121521"}],"wp:term":[{"taxonomy":"category","embeddable":true,"href":"https:\/\/iparaiba.com.br\/index.php\/wp-json\/wp\/v2\/categories?post=121521"},{"taxonomy":"post_tag","embeddable":true,"href":"https:\/\/iparaiba.com.br\/index.php\/wp-json\/wp\/v2\/tags?post=121521"}],"curies":[{"name":"wp","href":"https:\/\/api.w.org\/{rel}","templated":true}]}}