{"id":121519,"date":"2024-03-04T19:55:32","date_gmt":"2024-03-04T22:55:32","guid":{"rendered":"https:\/\/onordeste.com.br\/?p=121512"},"modified":"2024-03-04T19:55:32","modified_gmt":"2024-03-04T22:55:32","slug":"tcu-e-a-primeira-instituicao-publica-a-aderir-ao-selo-racismo-aqui-nao","status":"publish","type":"post","link":"https:\/\/iparaiba.com.br\/index.php\/2024\/03\/04\/tcu-e-a-primeira-instituicao-publica-a-aderir-ao-selo-racismo-aqui-nao\/","title":{"rendered":"TCU \u00e9 a primeira institui\u00e7\u00e3o p\u00fablica a aderir ao selo \u201cRacismo, aqui n\u00e3o!\u201d"},"content":{"rendered":"<p>O Tribunal de Contas da Uni\u00e3o (TCU) \u00e9 a primeira institui\u00e7\u00e3o p\u00fablica a adotar o\u00a0<strong>Certificado de Compromisso Social: \u201cRacismo, aqui n\u00e3o!\u201d<\/strong>. Nesta quarta-feira (28\/2), o presidente do TCU,\u00a0<strong>ministro Bruno Dantas<\/strong>, assinou a ades\u00e3o ao selo criado em 2009 pelo publicit\u00e1rio Jo\u00e3o Silva. Na abertura da sess\u00e3o plen\u00e1ria de hoje, Dantas destacou a assinatura do acordo.<\/p>\n<p>O\u00a0<strong>selo \u201cRacismo, aqui n\u00e3o!\u201d<\/strong>\u00a0tem o objetivo de inibir pr\u00e1ticas racistas no Brasil e no mundo, a partir da ado\u00e7\u00e3o e exposi\u00e7\u00e3o do selo em ambientes de trabalho, educa\u00e7\u00e3o, manifesta\u00e7\u00f5es culturais, esportivas e de lazer.<\/p>\n<p>O presidente Bruno Dantas afirmou que a Corte de Contas tem adotado uma s\u00e9rie de medidas para combater o racismo e ampliar a diversidade nas equipes. <strong>\u201cTemos consci\u00eancia de que n\u00e3o basta n\u00e3o ser racista, \u00e9 preciso apregoar que aqui n\u00e3o admitimos racismo<\/strong>, por isso aderimos ao selo. A nossa ideia \u00e9 influenciar outras institui\u00e7\u00f5es p\u00fablicas para que o combate ao racismo seja, cada vez mais, uma for\u00e7a a inspirar a sociedade brasileira\u201d, declarou.<\/p>\n<p>O certificado ficar\u00e1 afixado em locais de atendimento ao p\u00fablico e de grande circula\u00e7\u00e3o de pessoas nos pr\u00e9dios do Tribunal, incluindo as representa\u00e7\u00f5es nos estados.\u00a0<strong>A ado\u00e7\u00e3o do selo est\u00e1 alinhada aos esfor\u00e7os do TCU na implementa\u00e7\u00e3o da Pol\u00edtica de G\u00eanero e N\u00e3o-Discrimina\u00e7\u00e3o da Organiza\u00e7\u00e3o Latino-Americana e do Caribe de Institui\u00e7\u00f5es Superiores de Controle (Olacefs)<\/strong>\u00a0e ao compromisso assumido com a Rede Equidade de institui\u00e7\u00f5es p\u00fablicas, da qual o Tribunal faz parte desde sua cria\u00e7\u00e3o, em mar\u00e7o de 2022.<\/p>\n<p>A a\u00e7\u00e3o de combate ao racismo faz parte do projeto de equidade da Secretaria-Geral de Administra\u00e7\u00e3o (Segedam). \u201cAs melhores pr\u00e1ticas de administra\u00e7\u00e3o t\u00eam demonstrado que, quanto mais diversa a organiza\u00e7\u00e3o, mais as decis\u00f5es s\u00e3o tomadas por um p\u00fablico mais heterog\u00eaneo. \u00c9 muito importante dar esse passo contra o racismo, mas trazer pessoas diversas para o Tribunal e dar a elas lugar de fala \u00e9 fundamental para que a organiza\u00e7\u00e3o cres\u00e7a\u201d, disse o titular da Segedam, Marcio Albuquerque.<\/p>\n<h3 id=\"compromisso-social\"><strong>Compromisso social<\/strong><\/h3>\n<blockquote><p><strong>\u201cA ado\u00e7\u00e3o do selo pelo TCU representa um momento hist\u00f3rico para o Brasil, pois serve de exemplo para o pa\u00eds. Espero que essa decis\u00e3o do Tribunal possa contribuir para que outras institui\u00e7\u00f5es adotem o selo. Quanto mais divulga\u00e7\u00f5es tivermos, mais teremos o combate ao racismo de forma s\u00e9ria, pac\u00edfica e eficaz\u201d,\u00a0<\/strong>destacou o\u00a0publicit\u00e1rio baiano Jo\u00e3o Silva, criador do selo sobre racismo.<strong>\u00a0\u00a0<\/strong><\/p><\/blockquote>\n<p>Na solenidade de assinatura, Silva explicou que percebeu que as campanhas e pe\u00e7as de propaganda n\u00e3o valorizavam a popula\u00e7\u00e3o e os movimentos negros. Quando come\u00e7ou a dar visibilidade ao povo negro nas marcas e a\u00e7\u00f5es que criava, notou a resist\u00eancia das institui\u00e7\u00f5es.<\/p>\n<p>Com o prop\u00f3sito de contribuir verdadeira e efetivamente com a quest\u00e3o racial, teve a ideia de criar o selo \u201cRacismo, aqui n\u00e3o!\u201d.<\/p>\n<p><strong>\u201c<\/strong>O selo ficar\u00e1 estampado em diversas \u00e1reas do TCU para nos lembrar das nossas atitudes e do que devemos ou n\u00e3o tolerar dentro do Tribunal. N\u00f3s, que atuamos no controle externo, devemos estar atentos ao que podemos incorporar de an\u00e1lise em rela\u00e7\u00e3o ao racismo e avaliar como as pol\u00edticas p\u00fablicas se comportam em rela\u00e7\u00e3o \u00e0 popula\u00e7\u00e3o negra\u201d, ressaltou a auditora-chefe da Unidade de Auditoria Especializada em Educa\u00e7\u00e3o, Cultura, Esporte e Direitos Humanos (AudEduca\u00e7\u00e3o), Ana Paula Silva da Silva.<\/p>\n","protected":false},"excerpt":{"rendered":"<p>O Tribunal de Contas da Uni\u00e3o (TCU) \u00e9 a primeira institui\u00e7\u00e3o p\u00fablica a adotar o\u00a0Certificado de Compromisso Social: \u201cRacismo, aqui n\u00e3o!\u201d. Nesta quarta-feira (28\/2), o presidente do TCU,\u00a0ministro Bruno Dantas, assinou a ades\u00e3o ao selo criado em 2009 pelo publicit\u00e1rio Jo\u00e3o Silva. Na abertura da sess\u00e3o plen\u00e1ria de hoje, Dantas destacou a assinatura do acordo. &hellip;<\/p>\n","protected":false},"author":1,"featured_media":105658,"comment_status":"open","ping_status":"open","sticky":false,"template":"","format":"standard","meta":{"footnotes":""},"categories":[6],"tags":[],"class_list":["post-121519","post","type-post","status-publish","format-standard","has-post-thumbnail","hentry","category-destaques"],"_links":{"self":[{"href":"https:\/\/iparaiba.com.br\/index.php\/wp-json\/wp\/v2\/posts\/121519","targetHints":{"allow":["GET"]}}],"collection":[{"href":"https:\/\/iparaiba.com.br\/index.php\/wp-json\/wp\/v2\/posts"}],"about":[{"href":"https:\/\/iparaiba.com.br\/index.php\/wp-json\/wp\/v2\/types\/post"}],"author":[{"embeddable":true,"href":"https:\/\/iparaiba.com.br\/index.php\/wp-json\/wp\/v2\/users\/1"}],"replies":[{"embeddable":true,"href":"https:\/\/iparaiba.com.br\/index.php\/wp-json\/wp\/v2\/comments?post=121519"}],"version-history":[{"count":1,"href":"https:\/\/iparaiba.com.br\/index.php\/wp-json\/wp\/v2\/posts\/121519\/revisions"}],"predecessor-version":[{"id":121552,"href":"https:\/\/iparaiba.com.br\/index.php\/wp-json\/wp\/v2\/posts\/121519\/revisions\/121552"}],"wp:featuredmedia":[{"embeddable":true,"href":"https:\/\/iparaiba.com.br\/index.php\/wp-json\/wp\/v2\/media\/105658"}],"wp:attachment":[{"href":"https:\/\/iparaiba.com.br\/index.php\/wp-json\/wp\/v2\/media?parent=121519"}],"wp:term":[{"taxonomy":"category","embeddable":true,"href":"https:\/\/iparaiba.com.br\/index.php\/wp-json\/wp\/v2\/categories?post=121519"},{"taxonomy":"post_tag","embeddable":true,"href":"https:\/\/iparaiba.com.br\/index.php\/wp-json\/wp\/v2\/tags?post=121519"}],"curies":[{"name":"wp","href":"https:\/\/api.w.org\/{rel}","templated":true}]}}