{"id":121517,"date":"2024-03-04T15:00:59","date_gmt":"2024-03-04T18:00:59","guid":{"rendered":"https:\/\/onordeste.com.br\/?p=121508"},"modified":"2024-03-04T15:00:59","modified_gmt":"2024-03-04T18:00:59","slug":"aprovados-projetos-em-defesa-dos-direitos-a-saude-da-mulher-e-de-enfrentamento-ao-racismo","status":"publish","type":"post","link":"https:\/\/iparaiba.com.br\/index.php\/2024\/03\/04\/aprovados-projetos-em-defesa-dos-direitos-a-saude-da-mulher-e-de-enfrentamento-ao-racismo\/","title":{"rendered":"Aprovados projetos em defesa dos direitos \u00e0 sa\u00fade da mulher e de enfrentamento ao racismo"},"content":{"rendered":"<p>A Assembleia Legislativa da Para\u00edba (ALPB) aprovou o Projeto de Lei (PL) 896\/2023, de autoria da deputada Camila Toscano, que cria a Campanha Estadual de Navega\u00e7\u00e3o de Pacientes para Pessoas com Neoplasia Maligna de Mama.<\/p>\n<p>A deputada ressalta que a navega\u00e7\u00e3o \u00e9 definida como o procedimento de acompanhamento dos casos de suspeita ou de confirma\u00e7\u00e3o de c\u00e2ncer de mama, com abordagem individual dos pacientes e com o objetivo de prestar orienta\u00e7\u00e3o e agilizar o diagn\u00f3stico e o tratamento. \u201cO projeto prop\u00f5e a iniciativa de forma integrada aos procedimentos j\u00e1 existentes no rol do Sistema \u00danico de Sa\u00fade (SUS), com vistas \u00e0 adequada orienta\u00e7\u00e3o, tratamento, acompanhamento e monitoramento de pacientes diagnosticados com neoplasia maligna de mama\u201d, explicou Camila Toscano.<\/p>\n<p>Al\u00e9m de viabilizar o diagn\u00f3stico do c\u00e2ncer de mama em prazo determinado, o PL estabelece ainda que o in\u00edcio do tratamento em centro especializado ocorra dentro do prazo j\u00e1 especificado na Lei Federal 12.732\/2022 e que seja oferecido ainda treinamento dos profissionais de sa\u00fade ou orienta\u00e7\u00e3o sobre a import\u00e2ncia do planejamento e coordena\u00e7\u00e3o do cuidado do paciente desde o processo de diagn\u00f3stico at\u00e9 o in\u00edcio do tratamento nos servi\u00e7os de oncologia.<\/p>\n<p>\u201cEsta mat\u00e9ria visa fortalecer a capacita\u00e7\u00e3o das equipes de sa\u00fade, de modo a garantir uma abordagem resolutiva e integral no que tange ao rastreamento, diagn\u00f3stico e tratamento do c\u00e2ncer de mama. Al\u00e9m disso, proporcionar\u00e1 aos pacientes um suporte efetivo, por meio de orienta\u00e7\u00e3o individual, informa\u00e7\u00f5es educativas e acesso a servi\u00e7os de coordena\u00e7\u00e3o e cuidados\u201d, defende a deputada em seu projeto de lei.<\/p>\n<p>O Projeto de Lei 1.378\/2023 tamb\u00e9m foi aprovado pelos deputados. O texto determina que estabelecimentos comerciais, de lazer, casas de show e de eventos denunciem \u00e0s autoridades policiais casos de racismo e inj\u00faria racial ocorridos em suas depend\u00eancias. A mat\u00e9ria \u00e9 de autoria do deputado Wilson Filho e especifica que estes estabelecimentos t\u00eam o prazo de 36 horas para comunicar \u00e0 pol\u00edcia a pr\u00e1tica de constrangimento p\u00fablico ou discrimina\u00e7\u00e3o racial, incluindo circunst\u00e2ncias do evento, identifica\u00e7\u00e3o da v\u00edtima, poss\u00edveis agressores e testemunhas.<\/p>\n<p>\u201cCom a aprova\u00e7\u00e3o desta lei, a Para\u00edba refor\u00e7a seu posicionamento contra o racismo e d\u00e1 passos concretos em dire\u00e7\u00e3o a um ambiente mais igualit\u00e1rio e respeitoso em seus estabelecimentos comerciais e de lazer\u201d, justificou Wilson Filho.<\/p>\n","protected":false},"excerpt":{"rendered":"<p>A Assembleia Legislativa da Para\u00edba (ALPB) aprovou o Projeto de Lei (PL) 896\/2023, de autoria da deputada Camila Toscano, que cria a Campanha Estadual de Navega\u00e7\u00e3o de Pacientes para Pessoas com Neoplasia Maligna de Mama. A deputada ressalta que a navega\u00e7\u00e3o \u00e9 definida como o procedimento de acompanhamento dos casos de suspeita ou de confirma\u00e7\u00e3o &hellip;<\/p>\n","protected":false},"author":1,"featured_media":115221,"comment_status":"open","ping_status":"open","sticky":false,"template":"","format":"standard","meta":{"footnotes":""},"categories":[8],"tags":[],"class_list":["post-121517","post","type-post","status-publish","format-standard","has-post-thumbnail","hentry","category-politica"],"_links":{"self":[{"href":"https:\/\/iparaiba.com.br\/index.php\/wp-json\/wp\/v2\/posts\/121517","targetHints":{"allow":["GET"]}}],"collection":[{"href":"https:\/\/iparaiba.com.br\/index.php\/wp-json\/wp\/v2\/posts"}],"about":[{"href":"https:\/\/iparaiba.com.br\/index.php\/wp-json\/wp\/v2\/types\/post"}],"author":[{"embeddable":true,"href":"https:\/\/iparaiba.com.br\/index.php\/wp-json\/wp\/v2\/users\/1"}],"replies":[{"embeddable":true,"href":"https:\/\/iparaiba.com.br\/index.php\/wp-json\/wp\/v2\/comments?post=121517"}],"version-history":[{"count":1,"href":"https:\/\/iparaiba.com.br\/index.php\/wp-json\/wp\/v2\/posts\/121517\/revisions"}],"predecessor-version":[{"id":121550,"href":"https:\/\/iparaiba.com.br\/index.php\/wp-json\/wp\/v2\/posts\/121517\/revisions\/121550"}],"wp:featuredmedia":[{"embeddable":true,"href":"https:\/\/iparaiba.com.br\/index.php\/wp-json\/wp\/v2\/media\/115221"}],"wp:attachment":[{"href":"https:\/\/iparaiba.com.br\/index.php\/wp-json\/wp\/v2\/media?parent=121517"}],"wp:term":[{"taxonomy":"category","embeddable":true,"href":"https:\/\/iparaiba.com.br\/index.php\/wp-json\/wp\/v2\/categories?post=121517"},{"taxonomy":"post_tag","embeddable":true,"href":"https:\/\/iparaiba.com.br\/index.php\/wp-json\/wp\/v2\/tags?post=121517"}],"curies":[{"name":"wp","href":"https:\/\/api.w.org\/{rel}","templated":true}]}}