{"id":121516,"date":"2024-03-04T13:00:28","date_gmt":"2024-03-04T16:00:28","guid":{"rendered":"https:\/\/onordeste.com.br\/?p=121506"},"modified":"2024-03-04T13:00:28","modified_gmt":"2024-03-04T16:00:28","slug":"policlinica-tera-fisioterapia-psicologia-odontologia-e-consultas-com-especialistas","status":"publish","type":"post","link":"https:\/\/iparaiba.com.br\/index.php\/2024\/03\/04\/policlinica-tera-fisioterapia-psicologia-odontologia-e-consultas-com-especialistas\/","title":{"rendered":"Policl\u00ednica ter\u00e1 fisioterapia, psicologia, odontologia e consultas com especialistas"},"content":{"rendered":"<p style=\"font-weight: 400;\">A Prefeitura de Campina Grande inaugurou a nova Policl\u00ednica da Bela Vista Josivan Estev\u00e3o da Silva. O servi\u00e7o, que substitui o antigo Centro de Sa\u00fade da Bela Vista, vai oferecer atendimento b\u00e1sico e especializado a uma popula\u00e7\u00e3o de mais de 70 mil pessoas da Bela Vista e dos bairros circunvizinhos.<\/p>\n<p style=\"font-weight: 400;\">O pr\u00e9dio, que sofria com infiltra\u00e7\u00f5es e alagamentos, foi requalificado. O cidad\u00e3o que passar pela Avenida Dom Pedro II, no alto da Bela Vista, agora vai se surpreender com a infraestrutura e o zelo da Policl\u00ednica. A entrada foi preparada com intertravado no piso, paisagismo e fachada em ACM, al\u00e9m de rampa de acessibilidade. A frente da unidade de sa\u00fade fez jus ao nome do bairro e da paisagem que dela se v\u00ea do A\u00e7ude de Bodocong\u00f3. A vista foi ainda mais embelezada pela nova Policl\u00ednica.<\/p>\n<p style=\"font-weight: 400;\">Dentro do pr\u00e9dio, as mais de 20 salas foram estruturadas com aparelhos de ar-condicionado e equipamentos novos. A Policl\u00ednica passou a contar com tr\u00eas salas de fisioterapia, que \u00e9 uma demanda antiga da popula\u00e7\u00e3o do bairro. H\u00e1 tamb\u00e9m duas salas de psicologia, uma adulta e outra infantil, bem como sala de imuniza\u00e7\u00e3o com c\u00e2mara fria, consult\u00f3rio odontol\u00f3gico com bastante espa\u00e7o e estrutura, salas de curativos e de troca de sondas, farm\u00e1cia, almoxarifado e administrativo, e consult\u00f3rios m\u00e9dicos e de enfermagem.<\/p>\n<p style=\"font-weight: 400;\">A Policl\u00ednica passa a ser assim denominada pela gama de servi\u00e7os que vai oferecer. S\u00e3o pelo menos dez especialidades m\u00e9dicas, incluindo ginecologia, urologia, cl\u00ednica geral, cardiologia, endocrinologia, neurologia, entre outros que est\u00e3o em defini\u00e7\u00e3o. Esses atendimentos especializados v\u00e3o abranger pessoas de toda a cidade, que podem ter seu atendimento agendado para a Policl\u00ednica da Bela Vista. Ou seja, o servi\u00e7o acaba abrangendo todo o Munic\u00edpio.<\/p>\n<p style=\"font-weight: 400;\">Al\u00e9m disto, a Policl\u00ednica, com a estrutura que recebeu, sendo inclusive ampliada com rela\u00e7\u00e3o ao Centro de Sa\u00fade, permite agora a realiza\u00e7\u00e3o de procedimentos como exames de imagem e pequenas cirurgias, que passar\u00e3o a ser desenvolvidos no pr\u00f3prio local, incluindo coleta para exames de sangue, realiza\u00e7\u00e3o de exames de ultrassonografia e at\u00e9 de endoscopia e cirurgias de pequeno porte para retirada de sinais, entre outros procedimentos cir\u00fargicos.<\/p>\n<p style=\"font-weight: 400;\">\u201c\u00c9 um sonho para a comunidade. Com essa Policl\u00ednica agora o bairro vai ficar completo\u201d, disse dona Maria Gorete Paulino, moradora do bairro desde 1978. \u201cUma melhoria muito grande para o nosso bairro. Hoje est\u00e1 uma ben\u00e7\u00e3o\u201d, disse dona Maria da Penha, que nasceu e se criou na Bela Vista.<\/p>\n","protected":false},"excerpt":{"rendered":"<p>A Prefeitura de Campina Grande inaugurou a nova Policl\u00ednica da Bela Vista Josivan Estev\u00e3o da Silva. O servi\u00e7o, que substitui o antigo Centro de Sa\u00fade da Bela Vista, vai oferecer atendimento b\u00e1sico e especializado a uma popula\u00e7\u00e3o de mais de 70 mil pessoas da Bela Vista e dos bairros circunvizinhos. O pr\u00e9dio, que sofria com &hellip;<\/p>\n","protected":false},"author":1,"featured_media":107367,"comment_status":"open","ping_status":"open","sticky":false,"template":"","format":"standard","meta":{"footnotes":""},"categories":[2],"tags":[],"class_list":["post-121516","post","type-post","status-publish","format-standard","has-post-thumbnail","hentry","category-saude"],"_links":{"self":[{"href":"https:\/\/iparaiba.com.br\/index.php\/wp-json\/wp\/v2\/posts\/121516","targetHints":{"allow":["GET"]}}],"collection":[{"href":"https:\/\/iparaiba.com.br\/index.php\/wp-json\/wp\/v2\/posts"}],"about":[{"href":"https:\/\/iparaiba.com.br\/index.php\/wp-json\/wp\/v2\/types\/post"}],"author":[{"embeddable":true,"href":"https:\/\/iparaiba.com.br\/index.php\/wp-json\/wp\/v2\/users\/1"}],"replies":[{"embeddable":true,"href":"https:\/\/iparaiba.com.br\/index.php\/wp-json\/wp\/v2\/comments?post=121516"}],"version-history":[{"count":1,"href":"https:\/\/iparaiba.com.br\/index.php\/wp-json\/wp\/v2\/posts\/121516\/revisions"}],"predecessor-version":[{"id":121549,"href":"https:\/\/iparaiba.com.br\/index.php\/wp-json\/wp\/v2\/posts\/121516\/revisions\/121549"}],"wp:featuredmedia":[{"embeddable":true,"href":"https:\/\/iparaiba.com.br\/index.php\/wp-json\/wp\/v2\/media\/107367"}],"wp:attachment":[{"href":"https:\/\/iparaiba.com.br\/index.php\/wp-json\/wp\/v2\/media?parent=121516"}],"wp:term":[{"taxonomy":"category","embeddable":true,"href":"https:\/\/iparaiba.com.br\/index.php\/wp-json\/wp\/v2\/categories?post=121516"},{"taxonomy":"post_tag","embeddable":true,"href":"https:\/\/iparaiba.com.br\/index.php\/wp-json\/wp\/v2\/tags?post=121516"}],"curies":[{"name":"wp","href":"https:\/\/api.w.org\/{rel}","templated":true}]}}