{"id":121498,"date":"2024-02-26T19:42:59","date_gmt":"2024-02-26T22:42:59","guid":{"rendered":"https:\/\/onordeste.com.br\/?p=121490"},"modified":"2024-02-26T19:42:59","modified_gmt":"2024-02-26T22:42:59","slug":"policia-federal-vai-incluir-fala-de-bolsonaro-em-inquerito","status":"publish","type":"post","link":"https:\/\/iparaiba.com.br\/index.php\/2024\/02\/26\/policia-federal-vai-incluir-fala-de-bolsonaro-em-inquerito\/","title":{"rendered":"Pol\u00edcia Federal vai incluir fala de Bolsonaro em inqu\u00e9rito"},"content":{"rendered":"<p>O discurso de Jair Bolsonaro nesse domingo (25)\u00a0<a href=\"https:\/\/paraibaonline.com.br\/brasil\/2024\/02\/24\/presidente-lula-fala-sobre-eleicao-e-alerta-contra-voto-em-imbecil\/\">\u00e0 tarde na Avenida Paulista, em S\u00e3o Paulo<\/a>, ser\u00e1 avaliado pela equipe da Pol\u00edcia Federal que investiga a tentativa de golpe de Estado ap\u00f3s as elei\u00e7\u00f5es de 2022, quando o ex-presidente foi derrotado.<\/p>\n<p>A informa\u00e7\u00e3o foi confirmada pela Ag\u00eancia Brasil por fontes ligadas \u00e0 investiga\u00e7\u00e3o.<\/p>\n<p>Em sua fala no \u00faltimo domingo, Jair Bolsonaro admitiu conhecimento sobre uma minuta que previa decreta\u00e7\u00e3o de estado de s\u00edtio, pris\u00e3o de parlamentares e ministros do STF e dava sustenta\u00e7\u00e3o a um suposto golpe de Estado.<\/p>\n<p>Mas criticou as apura\u00e7\u00f5es criminais da PF sobre essa minuta. A admiss\u00e3o do ex-mandat\u00e1rio contrasta com a postura dele em depoimento na quinta-feira passada (22) \u00e0 PF, quando ficou em sil\u00eancio diante das perguntas dos investigadores.<\/p>\n<p>Uma opera\u00e7\u00e3o de busca e apreens\u00e3o da PF em janeiro do ano passado localizou na casa de Anderson Torres, ex-ministro da Justi\u00e7a do governo Bolsonaro, texto em formato de minuta que previa a interven\u00e7\u00e3o no Poder Judici\u00e1rio para impedir a posse do presidente Luiz In\u00e1cio Lula da Silva e convoca\u00e7\u00e3o de novas elei\u00e7\u00f5es.<\/p>\n<p>A minuta tamb\u00e9m foi citada nas dela\u00e7\u00f5es do tenente-coronel Mauro Cid, ex-ajudante de ordens da presid\u00eancia da Rep\u00fablica.<\/p>\n<p>Bolsonaro \u00e9 investigado pela Pol\u00edcia Federal (PF) e pelo STF sobre o ataque de 8 de janeiro de 2023 \u00e0 sede dos Tr\u00eas Poderes em Bras\u00edlia. H\u00e1 ainda outros elementos que est\u00e3o sendo investigados como o v\u00eddeo de uma reuni\u00e3o realizada no Pal\u00e1cio da Alvorada em julho de 2022. Na ocasi\u00e3o, auxiliares diretos do ex-presidente e de um grupo de militares sugeriram alternativas de ataque ao sistema eleitoral eletr\u00f4nico e \u00e0 elei\u00e7\u00e3o presidencial de 2022.<\/p>\n<p>Ag\u00eancia Brasil<\/p>\n","protected":false},"excerpt":{"rendered":"<p>O discurso de Jair Bolsonaro nesse domingo (25)\u00a0\u00e0 tarde na Avenida Paulista, em S\u00e3o Paulo, ser\u00e1 avaliado pela equipe da Pol\u00edcia Federal que investiga a tentativa de golpe de Estado ap\u00f3s as elei\u00e7\u00f5es de 2022, quando o ex-presidente foi derrotado. A informa\u00e7\u00e3o foi confirmada pela Ag\u00eancia Brasil por fontes ligadas \u00e0 investiga\u00e7\u00e3o. Em sua fala &hellip;<\/p>\n","protected":false},"author":1,"featured_media":108842,"comment_status":"open","ping_status":"open","sticky":false,"template":"","format":"standard","meta":{"footnotes":""},"categories":[13],"tags":[],"class_list":["post-121498","post","type-post","status-publish","format-standard","has-post-thumbnail","hentry","category-policial"],"_links":{"self":[{"href":"https:\/\/iparaiba.com.br\/index.php\/wp-json\/wp\/v2\/posts\/121498","targetHints":{"allow":["GET"]}}],"collection":[{"href":"https:\/\/iparaiba.com.br\/index.php\/wp-json\/wp\/v2\/posts"}],"about":[{"href":"https:\/\/iparaiba.com.br\/index.php\/wp-json\/wp\/v2\/types\/post"}],"author":[{"embeddable":true,"href":"https:\/\/iparaiba.com.br\/index.php\/wp-json\/wp\/v2\/users\/1"}],"replies":[{"embeddable":true,"href":"https:\/\/iparaiba.com.br\/index.php\/wp-json\/wp\/v2\/comments?post=121498"}],"version-history":[{"count":0,"href":"https:\/\/iparaiba.com.br\/index.php\/wp-json\/wp\/v2\/posts\/121498\/revisions"}],"wp:featuredmedia":[{"embeddable":true,"href":"https:\/\/iparaiba.com.br\/index.php\/wp-json\/wp\/v2\/media\/108842"}],"wp:attachment":[{"href":"https:\/\/iparaiba.com.br\/index.php\/wp-json\/wp\/v2\/media?parent=121498"}],"wp:term":[{"taxonomy":"category","embeddable":true,"href":"https:\/\/iparaiba.com.br\/index.php\/wp-json\/wp\/v2\/categories?post=121498"},{"taxonomy":"post_tag","embeddable":true,"href":"https:\/\/iparaiba.com.br\/index.php\/wp-json\/wp\/v2\/tags?post=121498"}],"curies":[{"name":"wp","href":"https:\/\/api.w.org\/{rel}","templated":true}]}}