{"id":121494,"date":"2024-02-26T19:07:36","date_gmt":"2024-02-26T22:07:36","guid":{"rendered":"https:\/\/onordeste.com.br\/?p=121449"},"modified":"2024-02-26T19:07:36","modified_gmt":"2024-02-26T22:07:36","slug":"cmjp-e-secretaria-da-mulher-se-reunem-para-definir-sessao-especial-em-alusao-ao-dia-internacional-da-mulher","status":"publish","type":"post","link":"https:\/\/iparaiba.com.br\/index.php\/2024\/02\/26\/cmjp-e-secretaria-da-mulher-se-reunem-para-definir-sessao-especial-em-alusao-ao-dia-internacional-da-mulher\/","title":{"rendered":"CMJP e Secretaria da Mulher se re\u00fanem para definir sess\u00e3o especial em alus\u00e3o ao Dia Internacional da Mulher"},"content":{"rendered":"<p align=\"justify\">A C\u00e2mara Municipal de Jo\u00e3o Pessoa (CMJP) em parceria com a Secretaria de Pol\u00edticas P\u00fablicas para Mulheres realizar\u00e1, no pr\u00f3ximo dia 11, \u00e0s 14h, uma sess\u00e3o especial alusiva ao Dia Internacional da Mulher, no Plen\u00e1rio Senador Humberto Lucena. Na manh\u00e3 desta segunda-feira (26), ocorreu uma reuni\u00e3o com representantes do cerimonial da Casa Legislativa, do gabinete do presidente Dinho (Avante), autor da propositura, e da Secretaria da Mulher, para tratar sobre a sess\u00e3o. A ocasi\u00e3o contar\u00e1 com apresenta\u00e7\u00f5es art\u00edsticas de mulheres, presen\u00e7a e pronunciamento de autoridades e entrega de diplomas e honrarias.<\/p>\n<p align=\"justify\">Nena Martins, secret\u00e1ria de Pol\u00edticas P\u00fablicas para Mulheres lembrou que este \u00e9 o terceiro ano consecutivo que ela sugere a realiza\u00e7\u00e3o de uma sess\u00e3o especial alusiva ao Dia Internacional da Mulher na C\u00e2mara Municipal. \u201c\u00c9 uma forma de homenagear as mulheres, de fazer uma avalia\u00e7\u00e3o sobre a\u00e7\u00f5es de pol\u00edticas p\u00fablicas voltadas para elas e sobre empoderamento. Ent\u00e3o, gostaria de parabenizar o presidente Dinho e toda a bancada da C\u00e2mara Municipal que permitem que uma sess\u00e3o como essa possa ser realizada\u201d, afirmou.<\/p>\n<p align=\"justify\">Suleya Medeiros, assessora t\u00e9cnica da Diretoria de Enfrentamento da Viol\u00eancia contra a Mulher da Secretaria de Pol\u00edticas P\u00fablicas para Mulheres, acrescentou: \u201c\u00c9 sempre importante ter momentos como esse, que valorizam o empoderamento feminino no que diz respeito \u00e0 luta das mulheres. Essa \u00e9 uma luta constante. Entendemos que j\u00e1 avan\u00e7amos muito na perspectiva do direito, mas ainda h\u00e1 muito mais a avan\u00e7ar, principalmente no que diz respeito ao combate \u00e0 viol\u00eancia contra a mulher. Um momento como esse \u00e9 muito importante para a gente receber autoridades e tamb\u00e9m para divulgar esses direitos das mulheres\u201d.<\/p>\n<p align=\"justify\">O presidente Dinho ressaltou: \u201cA data \u00e9 importante n\u00e3o apenas para exaltar a figura feminina. \u00c9 preciso haver discuss\u00f5es sobre temas como garantia de direitos e combate \u00e0 viol\u00eancia contra a mulher. Debates que n\u00e3o devem ser feitos apenas no Dia Internacional da Mulher, mas que devem repercutir ao longo do ano inteiro\u201d.<\/p>\n<p align=\"justify\">Dinho tamb\u00e9m \u00e9 autor de outras leis relacionadas aos direitos e seguran\u00e7a da mulher, a exemplo da Lei\u00a0<u><a href=\"https:\/\/sapl.joaopessoa.pb.leg.br\/media\/sapl\/public\/normajuridica\/2021\/18582\/lei_14.210-2021.pdf\" target=\"_blank\" rel=\"noopener\" data-saferedirecturl=\"https:\/\/www.google.com\/url?q=https:\/\/sapl.joaopessoa.pb.leg.br\/media\/sapl\/public\/normajuridica\/2021\/18582\/lei_14.210-2021.pdf&amp;source=gmail&amp;ust=1709071059458000&amp;usg=AOvVaw0-aC2_gTzCEdXr2b_CqxTl\">14.210<\/a><\/u>, de 2021, que estabelece o dia 21 de novembro como o Dia Tem\u00e1tico de Conscientiza\u00e7\u00e3o e Enfrentamento ao Feminic\u00eddio nas escolas p\u00fablicas e privadas de Jo\u00e3o Pessoa. A medida tem a inten\u00e7\u00e3o de conscientizar os jovens e adolescentes das escolas da Capital para a necessidade do enfrentamento e combate ao feminic\u00eddio, formando cidad\u00e3os conscientes e capazes de denunciar casos de viol\u00eancia.<\/p>\n<div>CMJP<\/div>\n","protected":false},"excerpt":{"rendered":"<p>A C\u00e2mara Municipal de Jo\u00e3o Pessoa (CMJP) em parceria com a Secretaria de Pol\u00edticas P\u00fablicas para Mulheres realizar\u00e1, no pr\u00f3ximo dia 11, \u00e0s 14h, uma sess\u00e3o especial alusiva ao Dia Internacional da Mulher, no Plen\u00e1rio Senador Humberto Lucena. Na manh\u00e3 desta segunda-feira (26), ocorreu uma reuni\u00e3o com representantes do cerimonial da Casa Legislativa, do gabinete &hellip;<\/p>\n","protected":false},"author":1,"featured_media":115387,"comment_status":"open","ping_status":"open","sticky":false,"template":"","format":"standard","meta":{"footnotes":""},"categories":[6],"tags":[],"class_list":["post-121494","post","type-post","status-publish","format-standard","has-post-thumbnail","hentry","category-destaques"],"_links":{"self":[{"href":"https:\/\/iparaiba.com.br\/index.php\/wp-json\/wp\/v2\/posts\/121494","targetHints":{"allow":["GET"]}}],"collection":[{"href":"https:\/\/iparaiba.com.br\/index.php\/wp-json\/wp\/v2\/posts"}],"about":[{"href":"https:\/\/iparaiba.com.br\/index.php\/wp-json\/wp\/v2\/types\/post"}],"author":[{"embeddable":true,"href":"https:\/\/iparaiba.com.br\/index.php\/wp-json\/wp\/v2\/users\/1"}],"replies":[{"embeddable":true,"href":"https:\/\/iparaiba.com.br\/index.php\/wp-json\/wp\/v2\/comments?post=121494"}],"version-history":[{"count":0,"href":"https:\/\/iparaiba.com.br\/index.php\/wp-json\/wp\/v2\/posts\/121494\/revisions"}],"wp:featuredmedia":[{"embeddable":true,"href":"https:\/\/iparaiba.com.br\/index.php\/wp-json\/wp\/v2\/media\/115387"}],"wp:attachment":[{"href":"https:\/\/iparaiba.com.br\/index.php\/wp-json\/wp\/v2\/media?parent=121494"}],"wp:term":[{"taxonomy":"category","embeddable":true,"href":"https:\/\/iparaiba.com.br\/index.php\/wp-json\/wp\/v2\/categories?post=121494"},{"taxonomy":"post_tag","embeddable":true,"href":"https:\/\/iparaiba.com.br\/index.php\/wp-json\/wp\/v2\/tags?post=121494"}],"curies":[{"name":"wp","href":"https:\/\/api.w.org\/{rel}","templated":true}]}}