{"id":121493,"date":"2024-02-26T19:06:33","date_gmt":"2024-02-26T22:06:33","guid":{"rendered":"https:\/\/onordeste.com.br\/?p=121447"},"modified":"2024-02-26T19:06:33","modified_gmt":"2024-02-26T22:06:33","slug":"alpb-debate-reformulacao-da-lei-estadual-de-educacao-ambiental","status":"publish","type":"post","link":"https:\/\/iparaiba.com.br\/index.php\/2024\/02\/26\/alpb-debate-reformulacao-da-lei-estadual-de-educacao-ambiental\/","title":{"rendered":"ALPB debate reformula\u00e7\u00e3o da lei estadual de educa\u00e7\u00e3o ambiental"},"content":{"rendered":"<p>A Assembleia Legislativa da Para\u00edba (ALPB) realizou reuni\u00e3o, na tarde desta segunda-feira (26\/02), no \u201cAudit\u00f3rio Jo\u00e3o Eudes da N\u00f3brega\u201d, para discutir\u00a0 a Reformula\u00e7\u00e3o da Lei Estadual n\u00ba 7.718\/2005, que Institui a Pol\u00edtica Estadual de Educa\u00e7\u00e3o Ambiental. O evento foi proposto pelo deputado Professor Francisco e reuniu representantes de entidades do Terceiro Setor e especialistas em Meio Ambiente.<\/p>\n<p>A discuss\u00e3o, de acordo com o parlamentar, se deve \u00e0s modifica\u00e7\u00f5es que se fizeram necess\u00e1rias ao longo do tempo, nessa lei. \u201cA ideia \u00e9 exatamente trazer a discuss\u00e3o sobre as poss\u00edveis altera\u00e7\u00f5es da lei, haja vista que desde o tempo em que ela foi sancionada e aprovada, de l\u00e1 para c\u00e1, j\u00e1 aconteceram muitas inova\u00e7\u00f5es ambientais, princ\u00edpios novos foram institu\u00eddos, os racioc\u00ednios educacionais tamb\u00e9m foram deflagrados. Ent\u00e3o, \u00e9 dentro desse contexto, notadamente dentro do contexto atual, porque passa o clima, o meio ambiente e a periclit\u00e2ncia de nossa sobreviv\u00eancia enquanto moradores do planeta Terra, que n\u00f3s chamamos essa reuni\u00e3o de trabalho para que junto com a academia, junto com as pessoas do povo, junto com quem tem expertise na \u00e1rea tamb\u00e9m discutamos esse assunto\u201d, explicou.<\/p>\n","protected":false},"excerpt":{"rendered":"<p>A Assembleia Legislativa da Para\u00edba (ALPB) realizou reuni\u00e3o, na tarde desta segunda-feira (26\/02), no \u201cAudit\u00f3rio Jo\u00e3o Eudes da N\u00f3brega\u201d, para discutir\u00a0 a Reformula\u00e7\u00e3o da Lei Estadual n\u00ba 7.718\/2005, que Institui a Pol\u00edtica Estadual de Educa\u00e7\u00e3o Ambiental. O evento foi proposto pelo deputado Professor Francisco e reuniu representantes de entidades do Terceiro Setor e especialistas em &hellip;<\/p>\n","protected":false},"author":1,"featured_media":107152,"comment_status":"open","ping_status":"open","sticky":false,"template":"","format":"standard","meta":{"footnotes":""},"categories":[3],"tags":[],"class_list":["post-121493","post","type-post","status-publish","format-standard","has-post-thumbnail","hentry","category-nordeste"],"_links":{"self":[{"href":"https:\/\/iparaiba.com.br\/index.php\/wp-json\/wp\/v2\/posts\/121493","targetHints":{"allow":["GET"]}}],"collection":[{"href":"https:\/\/iparaiba.com.br\/index.php\/wp-json\/wp\/v2\/posts"}],"about":[{"href":"https:\/\/iparaiba.com.br\/index.php\/wp-json\/wp\/v2\/types\/post"}],"author":[{"embeddable":true,"href":"https:\/\/iparaiba.com.br\/index.php\/wp-json\/wp\/v2\/users\/1"}],"replies":[{"embeddable":true,"href":"https:\/\/iparaiba.com.br\/index.php\/wp-json\/wp\/v2\/comments?post=121493"}],"version-history":[{"count":0,"href":"https:\/\/iparaiba.com.br\/index.php\/wp-json\/wp\/v2\/posts\/121493\/revisions"}],"wp:featuredmedia":[{"embeddable":true,"href":"https:\/\/iparaiba.com.br\/index.php\/wp-json\/wp\/v2\/media\/107152"}],"wp:attachment":[{"href":"https:\/\/iparaiba.com.br\/index.php\/wp-json\/wp\/v2\/media?parent=121493"}],"wp:term":[{"taxonomy":"category","embeddable":true,"href":"https:\/\/iparaiba.com.br\/index.php\/wp-json\/wp\/v2\/categories?post=121493"},{"taxonomy":"post_tag","embeddable":true,"href":"https:\/\/iparaiba.com.br\/index.php\/wp-json\/wp\/v2\/tags?post=121493"}],"curies":[{"name":"wp","href":"https:\/\/api.w.org\/{rel}","templated":true}]}}