{"id":121492,"date":"2024-02-28T19:38:33","date_gmt":"2024-02-28T22:38:33","guid":{"rendered":"https:\/\/onordeste.com.br\/?p=121488"},"modified":"2024-02-28T19:38:33","modified_gmt":"2024-02-28T22:38:33","slug":"supremo-fixa-prazo-para-conciliacao-em-acordos-de-leniencia-na-lava-jato","status":"publish","type":"post","link":"https:\/\/iparaiba.com.br\/index.php\/2024\/02\/28\/supremo-fixa-prazo-para-conciliacao-em-acordos-de-leniencia-na-lava-jato\/","title":{"rendered":"Supremo fixa prazo para concilia\u00e7\u00e3o em acordos de leni\u00eancia na Lava Jato"},"content":{"rendered":"<p>O ministro do Supremo Tribunal Federal (STF) Andr\u00e9 Mendon\u00e7a realizou na Primeira Turma da Corte, audi\u00eancia de concilia\u00e7\u00e3o no \u00e2mbito de a\u00e7\u00e3o que questiona os termos dos acordos de leni\u00eancia celebrados na Opera\u00e7\u00e3o Lava Jato. Ficou determinado que as partes, em especial os entes p\u00fablicos, ter\u00e3o 60 dias para chegar a um consenso sobre os acordos, sempre com o acompanhamento da Procuradoria-Geral da Rep\u00fablica (PGR). Tamb\u00e9m ficou estabelecido que nesse per\u00edodo ficar\u00e1 suspensa a aplicabilidade de qualquer medida em raz\u00e3o de eventual mora, das empresas, no adimplemento das obriga\u00e7\u00f5es financeiras at\u00e9 ent\u00e3o pactuadas.<\/p>\n<p>A quest\u00e3o \u00e9 objeto da Argui\u00e7\u00e3o de Descumprimento de Preceito Fundamental (ADPF) 1051, apresentada ao Supremo em mar\u00e7o de 2023 pelo Partido Socialismo e Liberdade (PSOL), o Partido Comunista do Brasil (PCdoB) e o Solidariedade. As legendas afirmam que os pactos foram celebrados antes do Acordo de Coopera\u00e7\u00e3o T\u00e9cnica (ACT), que sistematiza regras para o procedimento, e que, portanto, haveria ilicitudes na realiza\u00e7\u00e3o dos acordos.<\/p>\n<p>O ministro Andr\u00e9 Mendon\u00e7a ressaltou durante a audi\u00eancia a import\u00e2ncia dos acordos de leni\u00eancia como instrumento de combate \u00e0 corrup\u00e7\u00e3o, frisando que a concilia\u00e7\u00e3o proposta n\u00e3o servir\u00e1 para que seja feito um \u201crevisionismo hist\u00f3rico\u201d. Segundo ele, o objetivo \u00e9 assegurar que as empresas negociem com os entes p\u00fablicos com base nos princ\u00edpios da boa-f\u00e9, da m\u00fatua colabora\u00e7\u00e3o, da confidencialidade, da razoabilidade e da proporcionalidade.<\/p>\n<p>O procurador-geral da Rep\u00fablica, Paulo Gonet, concordou com a import\u00e2ncia de abertura de di\u00e1logo, assim como o presidente do Tribunal de Contas da Uni\u00e3o (TCU), ministro Bruno Dantas, que destacou a relev\u00e2ncia da institui\u00e7\u00e3o para fiscalizar o andamento dos acordos, e\u00a0o ministro Vin\u00edcius de Carvalho, da Controladoria-Geral da Uni\u00e3o (CGU), que ressaltou que o minist\u00e9rio est\u00e1 aberto para ouvir os pedidos de renegocia\u00e7\u00e3o das empresas.<\/p>\n","protected":false},"excerpt":{"rendered":"<p>O ministro do Supremo Tribunal Federal (STF) Andr\u00e9 Mendon\u00e7a realizou na Primeira Turma da Corte, audi\u00eancia de concilia\u00e7\u00e3o no \u00e2mbito de a\u00e7\u00e3o que questiona os termos dos acordos de leni\u00eancia celebrados na Opera\u00e7\u00e3o Lava Jato. Ficou determinado que as partes, em especial os entes p\u00fablicos, ter\u00e3o 60 dias para chegar a um consenso sobre os &hellip;<\/p>\n","protected":false},"author":1,"featured_media":107988,"comment_status":"open","ping_status":"open","sticky":false,"template":"","format":"standard","meta":{"footnotes":""},"categories":[9],"tags":[],"class_list":["post-121492","post","type-post","status-publish","format-standard","has-post-thumbnail","hentry","category-justica"],"_links":{"self":[{"href":"https:\/\/iparaiba.com.br\/index.php\/wp-json\/wp\/v2\/posts\/121492","targetHints":{"allow":["GET"]}}],"collection":[{"href":"https:\/\/iparaiba.com.br\/index.php\/wp-json\/wp\/v2\/posts"}],"about":[{"href":"https:\/\/iparaiba.com.br\/index.php\/wp-json\/wp\/v2\/types\/post"}],"author":[{"embeddable":true,"href":"https:\/\/iparaiba.com.br\/index.php\/wp-json\/wp\/v2\/users\/1"}],"replies":[{"embeddable":true,"href":"https:\/\/iparaiba.com.br\/index.php\/wp-json\/wp\/v2\/comments?post=121492"}],"version-history":[{"count":1,"href":"https:\/\/iparaiba.com.br\/index.php\/wp-json\/wp\/v2\/posts\/121492\/revisions"}],"predecessor-version":[{"id":121513,"href":"https:\/\/iparaiba.com.br\/index.php\/wp-json\/wp\/v2\/posts\/121492\/revisions\/121513"}],"wp:featuredmedia":[{"embeddable":true,"href":"https:\/\/iparaiba.com.br\/index.php\/wp-json\/wp\/v2\/media\/107988"}],"wp:attachment":[{"href":"https:\/\/iparaiba.com.br\/index.php\/wp-json\/wp\/v2\/media?parent=121492"}],"wp:term":[{"taxonomy":"category","embeddable":true,"href":"https:\/\/iparaiba.com.br\/index.php\/wp-json\/wp\/v2\/categories?post=121492"},{"taxonomy":"post_tag","embeddable":true,"href":"https:\/\/iparaiba.com.br\/index.php\/wp-json\/wp\/v2\/tags?post=121492"}],"curies":[{"name":"wp","href":"https:\/\/api.w.org\/{rel}","templated":true}]}}