{"id":121491,"date":"2024-02-28T16:00:59","date_gmt":"2024-02-28T19:00:59","guid":{"rendered":"https:\/\/onordeste.com.br\/?p=121486"},"modified":"2024-02-28T16:00:59","modified_gmt":"2024-02-28T19:00:59","slug":"saude-conduz-dialogos-sobre-cuidado-e-prevencao-com-a-dengue","status":"publish","type":"post","link":"https:\/\/iparaiba.com.br\/index.php\/2024\/02\/28\/saude-conduz-dialogos-sobre-cuidado-e-prevencao-com-a-dengue\/","title":{"rendered":"Sa\u00fade conduz di\u00e1logos sobre cuidado e preven\u00e7\u00e3o com a dengue"},"content":{"rendered":"<p>A ministra da Sa\u00fade, N\u00edsia Trindade, se reuniu nesta segunda-feira (26) com o Cons\u00f3rcio Interestadual de Desenvolvimento Sustent\u00e1vel do Nordeste (Cons\u00f3rcio Nordeste) para debater o enfrentamento \u00e0 dengue na regi\u00e3o. Desde 2023, o minist\u00e9rio est\u00e1 em constante monitoramento e alerta quanto ao cen\u00e1rio epidemiol\u00f3gico da dengue no Brasil, coordenando uma s\u00e9rie de a\u00e7\u00f5es para o enfrentamento das arboviroses em todo o territ\u00f3rio nacional. Ao longo das \u00faltimas semanas, a ministra tem intensificado encontros e reuni\u00f5es com diferentes atores da sociedade civil e n\u00edveis de governo para alinhar as estrat\u00e9gias de enfrentamento e cuidado com os pacientes de dengue. O foco, neste momento, \u00e9 salvar vidas e evitar o agravamento de quadros.<\/p>\n<p>\u201cNossa ideia \u00e9 pensar a\u00e7\u00f5es que n\u00e3o permitam que o Nordeste viva o que estamos vendo em outras regi\u00f5es em rela\u00e7\u00e3o \u00e0 dengue. \u00c9 importante discutirmos a\u00e7\u00f5es para mitigar esse surto de dengue, que acontece de forma diferente no Brasil\u201d, destacou a ministra. O Nordeste tem apresenta a menor incid\u00eancia de casos de dengue at\u00e9 o momento. At\u00e9 esta segunda-feira (26), os estados da regi\u00e3o concentravam, 27,9 mil casos e 6 \u00f3bitos por dengue, segundo o Painel de Monitoramento das Arboviroses do Minist\u00e9rio da Sa\u00fade.<\/p>\n<p>Participaram do encontro representantes dos estados de Alagoas, Bahia, Cear\u00e1, Maranh\u00e3o, Para\u00edba, Pernambuco, Piau\u00ed, Rio Grande do Norte e Sergipe. Durante a reuni\u00e3o, as unidades federativas atualizaram o cen\u00e1rio da doen\u00e7a em cada localidade.<\/p>\n<p><strong>Entidades m\u00e9dicas e especialistas apoiam a\u00e7\u00f5es do Minist\u00e9rio da Sa\u00fade de combate e cuidado com a dengue<\/strong><\/p>\n<p>Os diferentes momentos da epidemia em todo o pa\u00eds requerem abordagens e estrat\u00e9gias diversas, por isso, a coordena\u00e7\u00e3o do Minist\u00e9rio da Sa\u00fade tem sido fundamental no apoio e orienta\u00e7\u00e3o de estados e munic\u00edpios quanto a abordagem adequada para cada localidade. Atualmente, o pa\u00eds tem 920 mil casos de dengue e 184 \u00f3bitos, segundo dados consultados nesta segunda-feira. Distrito Federal, seis estados e 126 munic\u00edpios decretaram emerg\u00eancia pela doen\u00e7a at\u00e9 o momento. Com destaque para as regi\u00f5es Centro-Oeste, Sudeste e Sul.<\/p>\n<p>Nestes locais, embora o combate ao Aedes aegypti siga fundamental, o cuidado com os pacientes e a aten\u00e7\u00e3o aos sinais de alerta para o agravamento de quadros \u00e9 o fator preponderante para salvar vidas. \u201c\u00c9 muito importante estarmos juntos na quest\u00e3o que se coloca do combate \u00e0 dengue que causa epidemias, no plural, uma vez que n\u00e3o \u00e9 um processo \u00fanico em todo o territ\u00f3rio\u201d, explicou a ministra N\u00edsia Trindade em encontro com as entidades m\u00e9dicas ocorrido na \u00faltima quarta-feira (21).<\/p>\n<p>A ministra destacou a import\u00e2ncia de refor\u00e7ar com os profissionais a import\u00e2ncia do guia de diagn\u00f3stico e manejo cl\u00ednico da dengue,\u00a0<a class=\"external-link\" title=\"\" href=\"https:\/\/www.gov.br\/saude\/pt-br\/centrais-de-conteudo\/publicacoes\/svsa\/dengue\/dengue-diagnostico-e-manejo-clinico-adulto-e-crianca\" target=\"_blank\" rel=\"noopener\" data-tippreview-enabled=\"false\" data-tippreview-image=\"\" data-tippreview-title=\"\">revisado e republicado neste ano pela Secretaria de Vigil\u00e2ncia em Sa\u00fade e Ambiente Departamento de Doen\u00e7as Transmiss\u00edveis (SVSA)\u00a0<\/a>. Os representantes das entidades presentes (Hiran gallo, Conselho Federal de Medicina; Cesar Fernandes, Associa\u00e7\u00e3o M\u00e9dica Brasileira; Sandro Oliveira, Associa\u00e7\u00e3o Brasileira de Educa\u00e7\u00e3o M\u00e9dica) corroboraram com a estrat\u00e9gia de refor\u00e7ar a comunica\u00e7\u00e3o com os profissionais para melhor abordagem t\u00e9cnica dos quadros que se apresentam e se colocaram \u00e0 disposi\u00e7\u00e3o do Minist\u00e9rio da Sa\u00fade para auxiliar na divulga\u00e7\u00e3o de materiais e outras informa\u00e7\u00f5es.<\/p>\n<p>No mesmo dia, em encontro com especialistas de diferentes entidades, a ministra agradeceu as colabora\u00e7\u00f5es para o enfrentamento deste problema de sa\u00fade p\u00fablica e destacou as a\u00e7\u00f5es do Minist\u00e9rio da Sa\u00fade no refor\u00e7o da vigil\u00e2ncia, combate ao vetor e apoio t\u00e9cnico e financeiro a estados e munic\u00edpios para realiza\u00e7\u00e3o de a\u00e7\u00f5es emergenciais. Para este ano, a pasta tem reservado R$ 1,5 bilh\u00e3o em recursos que devem ser destinados \u00e0s localidades que enfrentam emerg\u00eancias de dengue em todo o pa\u00eds. Em 2023, R$ 256 milh\u00f5es foram repassadas para todas as Unidades Federativas para esse fim.<\/p>\n<p>Al\u00e9m dos representantes de Conselho Nacional de Secret\u00e1rios de Sa\u00fade (Conass) e Conselho Nacional de Secretarias municipais de Sa\u00fade (Conasems), estiveram presentes Claudio Maierovich, da Associa\u00e7\u00e3o Brasileira de Sa\u00fade Coletiva (Abrasco); Isabela Ballalai, da Sociedade Brasileira de Imuniza\u00e7\u00f5es (SBIm); Ricardo Heinzelmann, da Sociedade Brasileira de Medicina de Fam\u00edlia e Comunidade (SBMFC); Alberto Chebabo, da Sociedade Brasileira de Imunologia (SBI); Marcio Safadi, diretor do Departamento de Pediatria e Puericultura do Curso de Medicina da Faculdade de Ci\u00eancias M\u00e9dicas da Santa Casa de S\u00e3o Paulo (FCMSCSP); Renato Kfouri e Clovis Constantino, da Sociedade Brasileira de Pediatria (SBP); Rosalina Sudo, da Associa\u00e7\u00e3o Brasileira de Enfermagem (ABEN); Patr\u00edcia Mello, Associa\u00e7\u00e3o de Medicina Intensiva Brasileira (AMIB).<\/p>\n<p><em>Por: Minist\u00e9rio da Sa\u00fade<\/em><\/p>\n","protected":false},"excerpt":{"rendered":"<p>A ministra da Sa\u00fade, N\u00edsia Trindade, se reuniu nesta segunda-feira (26) com o Cons\u00f3rcio Interestadual de Desenvolvimento Sustent\u00e1vel do Nordeste (Cons\u00f3rcio Nordeste) para debater o enfrentamento \u00e0 dengue na regi\u00e3o. Desde 2023, o minist\u00e9rio est\u00e1 em constante monitoramento e alerta quanto ao cen\u00e1rio epidemiol\u00f3gico da dengue no Brasil, coordenando uma s\u00e9rie de a\u00e7\u00f5es para o &hellip;<\/p>\n","protected":false},"author":1,"featured_media":98724,"comment_status":"open","ping_status":"open","sticky":false,"template":"","format":"standard","meta":{"footnotes":""},"categories":[2],"tags":[],"class_list":["post-121491","post","type-post","status-publish","format-standard","has-post-thumbnail","hentry","category-saude"],"_links":{"self":[{"href":"https:\/\/iparaiba.com.br\/index.php\/wp-json\/wp\/v2\/posts\/121491","targetHints":{"allow":["GET"]}}],"collection":[{"href":"https:\/\/iparaiba.com.br\/index.php\/wp-json\/wp\/v2\/posts"}],"about":[{"href":"https:\/\/iparaiba.com.br\/index.php\/wp-json\/wp\/v2\/types\/post"}],"author":[{"embeddable":true,"href":"https:\/\/iparaiba.com.br\/index.php\/wp-json\/wp\/v2\/users\/1"}],"replies":[{"embeddable":true,"href":"https:\/\/iparaiba.com.br\/index.php\/wp-json\/wp\/v2\/comments?post=121491"}],"version-history":[{"count":1,"href":"https:\/\/iparaiba.com.br\/index.php\/wp-json\/wp\/v2\/posts\/121491\/revisions"}],"predecessor-version":[{"id":121512,"href":"https:\/\/iparaiba.com.br\/index.php\/wp-json\/wp\/v2\/posts\/121491\/revisions\/121512"}],"wp:featuredmedia":[{"embeddable":true,"href":"https:\/\/iparaiba.com.br\/index.php\/wp-json\/wp\/v2\/media\/98724"}],"wp:attachment":[{"href":"https:\/\/iparaiba.com.br\/index.php\/wp-json\/wp\/v2\/media?parent=121491"}],"wp:term":[{"taxonomy":"category","embeddable":true,"href":"https:\/\/iparaiba.com.br\/index.php\/wp-json\/wp\/v2\/categories?post=121491"},{"taxonomy":"post_tag","embeddable":true,"href":"https:\/\/iparaiba.com.br\/index.php\/wp-json\/wp\/v2\/tags?post=121491"}],"curies":[{"name":"wp","href":"https:\/\/api.w.org\/{rel}","templated":true}]}}