{"id":121488,"date":"2024-02-28T10:00:03","date_gmt":"2024-02-28T13:00:03","guid":{"rendered":"https:\/\/onordeste.com.br\/?p=121479"},"modified":"2024-02-28T10:00:03","modified_gmt":"2024-02-28T13:00:03","slug":"programacao-comemorativa-ao-mes-da-mulher","status":"publish","type":"post","link":"https:\/\/iparaiba.com.br\/index.php\/2024\/02\/28\/programacao-comemorativa-ao-mes-da-mulher\/","title":{"rendered":"Programa\u00e7\u00e3o comemorativa ao m\u00eas da mulher"},"content":{"rendered":"<p>A programa\u00e7\u00e3o comemorativa ao M\u00eas da Mulher come\u00e7a na pr\u00f3xima sexta-feira, dia 1\u00ba de Mar\u00e7o, com a primeira reuni\u00e3o ordin\u00e1ria de 2024 do F\u00f3rum Permanente da Mulher Campinense, no Miniteatro Paulo Pontes, \u00e0s 9h da manh\u00e3. O F\u00f3rum vai lan\u00e7ar o projeto Mulheres Extraordin\u00e1rias, que vai homenagear a professora da Universidade Federal de Campina Grande, Patr\u00edcia Rosas, ex- moradora do lix\u00e3o. O evento tamb\u00e9m contar\u00e1 com uma palestra de Melina Cavalcante, p\u00f3s-graduada em Intelig\u00eancia Emocional e Neuroci\u00eancia do Desenvolvimento.<\/p>\n<p>As comemora\u00e7\u00f5es seguem no dia 4 de mar\u00e7o, com uma campanha por interm\u00e9dio das m\u00eddias sociais sobre o primeiro ano do Cart\u00e3o Move Mulher, um benef\u00edcio concedido \u00e0s mulheres assistidas pela Coordenadoria que garante passagem gratuita nos transportes coletivos. A campanha ser\u00e1 lan\u00e7ada pelo Instagram @coordenadoriadamulhercg e vai at\u00e9 o fim do m\u00eas.<\/p>\n<p>No dia 8 de Mar\u00e7o, ponto alto das comemora\u00e7\u00f5es ao Dia Internacional da Mulher, est\u00e1 previsto o lan\u00e7amento do programa Ronda da Mulher. A cerim\u00f4nia ter\u00e1 a presen\u00e7a do prefeito Bruno Cunha Lima, da coordenadora da Mulher em Campina, Talita Lucena, e da primeira-dama, Juliana Cunha Lima, entre outras autoridades.<\/p>\n<p>A Ronda Mulher \u00e9 um programa de monitoramento das mulheres que est\u00e3o sob medida protetiva. Todas as atividades da Ronda ser\u00e3o administradas pela Coordenadoria da Mulher, em parceria com a Guarda Municipal.<\/p>\n<p>Seguindo o roteiro de a\u00e7\u00f5es, no dia 11 de mar\u00e7o, a Coordenadoria inicia uma campanha relativa ao Mar\u00e7o Lil\u00e1s, que tem o objetivo de conscientizar sobre o c\u00e2ncer de mama atrav\u00e9s de um manual de direitos que ser\u00e1 tamb\u00e9m divulgado por interm\u00e9dio das m\u00eddias sociais. Haver\u00e1 ainda a\u00e7\u00f5es do projeto Bem Me Quero, que vai estar nas ruas no dia 14 de mar\u00e7o com a\u00e7\u00f5es que visam resgatar a autoestima da mulher.<\/p>\n<p>\u201cMar\u00e7o ser\u00e1 de projetos colocados em pr\u00e1tica pela Prefeitura. Al\u00e9m da instala\u00e7\u00e3o da Ronda da Mulher, teremos a assinatura de conv\u00eanio com a Uber; o projeto ELA. A\u00e7\u00f5es recreativas e de sa\u00fade ao ar livre e o lan\u00e7amento da vers\u00e3o 2.0 do JU.LI.A, em parceria com a STTP. Todas as secretarias municipais v\u00e3o realizar atividades durante o m\u00eas, seguindo as orienta\u00e7\u00e3o do prefeito Bruno Cunha Lima, j\u00e1 que a inten\u00e7\u00e3o \u00e9 dar visibilidade \u00e0 mulher atrav\u00e9s de iniciativas que reduzam a viol\u00eancia e garantam autonomia financeira\u201d, declarou Talita.<\/p>\n","protected":false},"excerpt":{"rendered":"<p>A programa\u00e7\u00e3o comemorativa ao M\u00eas da Mulher come\u00e7a na pr\u00f3xima sexta-feira, dia 1\u00ba de Mar\u00e7o, com a primeira reuni\u00e3o ordin\u00e1ria de 2024 do F\u00f3rum Permanente da Mulher Campinense, no Miniteatro Paulo Pontes, \u00e0s 9h da manh\u00e3. O F\u00f3rum vai lan\u00e7ar o projeto Mulheres Extraordin\u00e1rias, que vai homenagear a professora da Universidade Federal de Campina Grande, &hellip;<\/p>\n","protected":false},"author":1,"featured_media":97479,"comment_status":"open","ping_status":"open","sticky":false,"template":"","format":"standard","meta":{"footnotes":""},"categories":[6],"tags":[],"class_list":["post-121488","post","type-post","status-publish","format-standard","has-post-thumbnail","hentry","category-destaques"],"_links":{"self":[{"href":"https:\/\/iparaiba.com.br\/index.php\/wp-json\/wp\/v2\/posts\/121488","targetHints":{"allow":["GET"]}}],"collection":[{"href":"https:\/\/iparaiba.com.br\/index.php\/wp-json\/wp\/v2\/posts"}],"about":[{"href":"https:\/\/iparaiba.com.br\/index.php\/wp-json\/wp\/v2\/types\/post"}],"author":[{"embeddable":true,"href":"https:\/\/iparaiba.com.br\/index.php\/wp-json\/wp\/v2\/users\/1"}],"replies":[{"embeddable":true,"href":"https:\/\/iparaiba.com.br\/index.php\/wp-json\/wp\/v2\/comments?post=121488"}],"version-history":[{"count":1,"href":"https:\/\/iparaiba.com.br\/index.php\/wp-json\/wp\/v2\/posts\/121488\/revisions"}],"predecessor-version":[{"id":121509,"href":"https:\/\/iparaiba.com.br\/index.php\/wp-json\/wp\/v2\/posts\/121488\/revisions\/121509"}],"wp:featuredmedia":[{"embeddable":true,"href":"https:\/\/iparaiba.com.br\/index.php\/wp-json\/wp\/v2\/media\/97479"}],"wp:attachment":[{"href":"https:\/\/iparaiba.com.br\/index.php\/wp-json\/wp\/v2\/media?parent=121488"}],"wp:term":[{"taxonomy":"category","embeddable":true,"href":"https:\/\/iparaiba.com.br\/index.php\/wp-json\/wp\/v2\/categories?post=121488"},{"taxonomy":"post_tag","embeddable":true,"href":"https:\/\/iparaiba.com.br\/index.php\/wp-json\/wp\/v2\/tags?post=121488"}],"curies":[{"name":"wp","href":"https:\/\/api.w.org\/{rel}","templated":true}]}}