{"id":121487,"date":"2024-02-28T08:00:41","date_gmt":"2024-02-28T11:00:41","guid":{"rendered":"https:\/\/onordeste.com.br\/?p=121477"},"modified":"2024-02-28T08:00:41","modified_gmt":"2024-02-28T11:00:41","slug":"sarampo-reforcada-importancia-da-vacina-triplice-viral","status":"publish","type":"post","link":"https:\/\/iparaiba.com.br\/index.php\/2024\/02\/28\/sarampo-reforcada-importancia-da-vacina-triplice-viral\/","title":{"rendered":"Sarampo: Refor\u00e7ada import\u00e2ncia da vacina tr\u00edplice viral"},"content":{"rendered":"<p>Ap\u00f3s a confirma\u00e7\u00e3o de um caso de infec\u00e7\u00e3o pelo v\u00edrus do sarampo, no estado do Rio Grande do Sul, a Ag\u00eancia Nacional de Vigil\u00e2ncia Sanit\u00e1ria (Anvisa) emitiu um alerta, que resultou na intensifica\u00e7\u00e3o de a\u00e7\u00f5es voltadas \u00e0 vacina\u00e7\u00e3o tr\u00edplice viral em toda a popula\u00e7\u00e3o. O objetivo \u00e9 proteger contra o sarampo cidad\u00e3os de 01 at\u00e9 59 anos de idade.<\/p>\n<p>Em Campina Grande, uma das primeiras a\u00e7\u00f5es foi a \u00eanfase ao dia D de vacina\u00e7\u00e3o, ocorrido no \u00faltimo s\u00e1bado (23), com a aplica\u00e7\u00e3o da vacina tr\u00edplice viral, que protege contra o Sarampo, Caxumba e Rub\u00e9ola. A Secretaria de Sa\u00fade de Campina Grande redobrou a aten\u00e7\u00e3o quanto ao caso, registrado no Sul do Brasil, e seguir\u00e1 aplicando a tr\u00edplice viral nos postos de sa\u00fade, no Centro de Sa\u00fade Francisco Pinto e no Terminal de Integra\u00e7\u00e3o de Passageiros de Campina Grande.<\/p>\n<p>A tr\u00edplice viral \u00e9 aplicada em pessoas de 1 a 59 anos e profissionais de sa\u00fade, independentemente da idade. O esquema vacinal inicial \u00e9 composto por duas doses, sendo uma aos 12 meses e outra aos 15 meses de vida. At\u00e9 29 anos, o esquema vacinal \u00e9 composto por 02 doses com intervalo m\u00ednimo de 30 dias. As pessoas de 30 aos 59 anos, que n\u00e3o foram vacinadas em nenhum momento da vida, devem receber uma dose \u00fanica da tr\u00edplice viral.<\/p>\n<p><strong>Redobrar cuidados<\/strong><\/p>\n<p>As autoridades de sa\u00fade est\u00e3o redobrando os esfor\u00e7os para evitar a reintrodu\u00e7\u00e3o dessa doen\u00e7a altamente contagiosa, sendo o esquema de vacina\u00e7\u00e3o tr\u00edplice viral fundamental para garantir a prote\u00e7\u00e3o adequada.<\/p>\n<p>O alerta foi emitido ap\u00f3s a confirma\u00e7\u00e3o de um caso importado, de uma crian\u00e7a de 3 anos, que chegou ao Brasil vindo do Paquist\u00e3o em dezembro de 2023. Ap\u00f3s apresentar sintomas e a realiza\u00e7\u00e3o de exames para mal\u00e1ria, dengue e leptospirose, o diagn\u00f3stico para sarampo foi confirmado pelo centro de vigil\u00e2ncia do Rio Grande do Sul.<\/p>\n<p>Codecom<\/p>\n","protected":false},"excerpt":{"rendered":"<p>Ap\u00f3s a confirma\u00e7\u00e3o de um caso de infec\u00e7\u00e3o pelo v\u00edrus do sarampo, no estado do Rio Grande do Sul, a Ag\u00eancia Nacional de Vigil\u00e2ncia Sanit\u00e1ria (Anvisa) emitiu um alerta, que resultou na intensifica\u00e7\u00e3o de a\u00e7\u00f5es voltadas \u00e0 vacina\u00e7\u00e3o tr\u00edplice viral em toda a popula\u00e7\u00e3o. O objetivo \u00e9 proteger contra o sarampo cidad\u00e3os de 01 at\u00e9 &hellip;<\/p>\n","protected":false},"author":1,"featured_media":109617,"comment_status":"open","ping_status":"open","sticky":false,"template":"","format":"standard","meta":{"footnotes":""},"categories":[2],"tags":[],"class_list":["post-121487","post","type-post","status-publish","format-standard","has-post-thumbnail","hentry","category-saude"],"_links":{"self":[{"href":"https:\/\/iparaiba.com.br\/index.php\/wp-json\/wp\/v2\/posts\/121487","targetHints":{"allow":["GET"]}}],"collection":[{"href":"https:\/\/iparaiba.com.br\/index.php\/wp-json\/wp\/v2\/posts"}],"about":[{"href":"https:\/\/iparaiba.com.br\/index.php\/wp-json\/wp\/v2\/types\/post"}],"author":[{"embeddable":true,"href":"https:\/\/iparaiba.com.br\/index.php\/wp-json\/wp\/v2\/users\/1"}],"replies":[{"embeddable":true,"href":"https:\/\/iparaiba.com.br\/index.php\/wp-json\/wp\/v2\/comments?post=121487"}],"version-history":[{"count":1,"href":"https:\/\/iparaiba.com.br\/index.php\/wp-json\/wp\/v2\/posts\/121487\/revisions"}],"predecessor-version":[{"id":121508,"href":"https:\/\/iparaiba.com.br\/index.php\/wp-json\/wp\/v2\/posts\/121487\/revisions\/121508"}],"wp:featuredmedia":[{"embeddable":true,"href":"https:\/\/iparaiba.com.br\/index.php\/wp-json\/wp\/v2\/media\/109617"}],"wp:attachment":[{"href":"https:\/\/iparaiba.com.br\/index.php\/wp-json\/wp\/v2\/media?parent=121487"}],"wp:term":[{"taxonomy":"category","embeddable":true,"href":"https:\/\/iparaiba.com.br\/index.php\/wp-json\/wp\/v2\/categories?post=121487"},{"taxonomy":"post_tag","embeddable":true,"href":"https:\/\/iparaiba.com.br\/index.php\/wp-json\/wp\/v2\/tags?post=121487"}],"curies":[{"name":"wp","href":"https:\/\/api.w.org\/{rel}","templated":true}]}}