{"id":121480,"date":"2024-02-27T10:00:58","date_gmt":"2024-02-27T13:00:58","guid":{"rendered":"https:\/\/onordeste.com.br\/?p=121461"},"modified":"2024-02-27T10:00:58","modified_gmt":"2024-02-27T13:00:58","slug":"estado-paga-salarios-de-fevereiro-dos-servidores","status":"publish","type":"post","link":"https:\/\/iparaiba.com.br\/index.php\/2024\/02\/27\/estado-paga-salarios-de-fevereiro-dos-servidores\/","title":{"rendered":"Estado paga sal\u00e1rios de fevereiro dos servidores"},"content":{"rendered":"<p>O governador em exerc\u00edcio Lucas Ribeiro anunciou para esta quarta (28) e quinta-feira (29) o pagamento dos sal\u00e1rios dos servidores estaduais referente ao m\u00eas de fevereiro. No primeiro dia, receber\u00e3o os aposentados e pensionistas e, no segundo dia, os servidores da ativa.<\/p>\n<p>O an\u00fancio foi feito durante o programa Conversa com o Governador desta segunda-feira (26). Na ocasi\u00e3o, o governador em exerc\u00edcio destacou o equil\u00edbrio fiscal do Estado, que possibilita o pagamento em dia dos sal\u00e1rios dos servidores p\u00fablicos estaduais. \u201cO Estado tem as contas saneadas e equilibradas e isso nos permite mensalmente anunciar o pagamento dos sal\u00e1rios dos servidores em dia e muitas vezes at\u00e9 de forma antecipada, como foi o 13\u00ba sal\u00e1rio\u201d, observou Lucas Ribeiro.<\/p>\n<p><strong>Calend\u00e1rio:<\/strong><\/p>\n<p>28\/02 \u2013 Aposentados e pensionistas<\/p>\n<p>29\/02 \u2013 Servidores da ativa<\/p>\n","protected":false},"excerpt":{"rendered":"<p>O governador em exerc\u00edcio Lucas Ribeiro anunciou para esta quarta (28) e quinta-feira (29) o pagamento dos sal\u00e1rios dos servidores estaduais referente ao m\u00eas de fevereiro. No primeiro dia, receber\u00e3o os aposentados e pensionistas e, no segundo dia, os servidores da ativa. O an\u00fancio foi feito durante o programa Conversa com o Governador desta segunda-feira &hellip;<\/p>\n","protected":false},"author":1,"featured_media":98790,"comment_status":"open","ping_status":"open","sticky":false,"template":"","format":"standard","meta":{"footnotes":""},"categories":[12],"tags":[],"class_list":["post-121480","post","type-post","status-publish","format-standard","has-post-thumbnail","hentry","category-emprego"],"_links":{"self":[{"href":"https:\/\/iparaiba.com.br\/index.php\/wp-json\/wp\/v2\/posts\/121480","targetHints":{"allow":["GET"]}}],"collection":[{"href":"https:\/\/iparaiba.com.br\/index.php\/wp-json\/wp\/v2\/posts"}],"about":[{"href":"https:\/\/iparaiba.com.br\/index.php\/wp-json\/wp\/v2\/types\/post"}],"author":[{"embeddable":true,"href":"https:\/\/iparaiba.com.br\/index.php\/wp-json\/wp\/v2\/users\/1"}],"replies":[{"embeddable":true,"href":"https:\/\/iparaiba.com.br\/index.php\/wp-json\/wp\/v2\/comments?post=121480"}],"version-history":[{"count":1,"href":"https:\/\/iparaiba.com.br\/index.php\/wp-json\/wp\/v2\/posts\/121480\/revisions"}],"predecessor-version":[{"id":121501,"href":"https:\/\/iparaiba.com.br\/index.php\/wp-json\/wp\/v2\/posts\/121480\/revisions\/121501"}],"wp:featuredmedia":[{"embeddable":true,"href":"https:\/\/iparaiba.com.br\/index.php\/wp-json\/wp\/v2\/media\/98790"}],"wp:attachment":[{"href":"https:\/\/iparaiba.com.br\/index.php\/wp-json\/wp\/v2\/media?parent=121480"}],"wp:term":[{"taxonomy":"category","embeddable":true,"href":"https:\/\/iparaiba.com.br\/index.php\/wp-json\/wp\/v2\/categories?post=121480"},{"taxonomy":"post_tag","embeddable":true,"href":"https:\/\/iparaiba.com.br\/index.php\/wp-json\/wp\/v2\/tags?post=121480"}],"curies":[{"name":"wp","href":"https:\/\/api.w.org\/{rel}","templated":true}]}}