{"id":121479,"date":"2024-02-27T08:00:29","date_gmt":"2024-02-27T11:00:29","guid":{"rendered":"https:\/\/onordeste.com.br\/?p=121459"},"modified":"2024-02-27T08:00:29","modified_gmt":"2024-02-27T11:00:29","slug":"opera-paraiba-realiza-60-cirurgias-pediatricas-de-otorrinolaringologia","status":"publish","type":"post","link":"https:\/\/iparaiba.com.br\/index.php\/2024\/02\/27\/opera-paraiba-realiza-60-cirurgias-pediatricas-de-otorrinolaringologia\/","title":{"rendered":"Opera Para\u00edba realiza 60 cirurgias pedi\u00e1tricas de otorrinolaringologia"},"content":{"rendered":"<p>OPrograma Opera Para\u00edba, iniciativa do Governo do Estado para reduzir o tempo de espera por cirurgias eletivas e agilizar o atendimento da popula\u00e7\u00e3o, realizou 60 cirurgias pedi\u00e1tricas no Hospital de Cl\u00ednicas de Campina Grande. A a\u00e7\u00e3o ocorreu nesse fim de semana (24 e 25). Os procedimentos inclu\u00edram desde a remo\u00e7\u00e3o de am\u00edgdalas e adenoides, at\u00e9 corre\u00e7\u00f5es de problemas nasais.<\/p>\n<p>Entre as 60 crian\u00e7as beneficiadas com esta edi\u00e7\u00e3o do programa, est\u00e1\u00a0Geyslla de Souza, de 5 anos, da cidade de Aroeiras. Daiane de Souza Gomes, m\u00e3e da menina, conta que a filha tinha v\u00e1rias crises de garganta, por m\u00eas, e vivia no antibi\u00f3tico e indo a hospitais. Agora, ela est\u00e1 confiante com o resultado da cirurgia e espera que filha leve uma vida normal como qualquer outra crian\u00e7a. \u201cEu espero uma qualidade de vida melhor, que ela possa desfrutar de muitas coisas geladas, como sorvete, picol\u00e9, que ela gosta muito\u201d, comemora.<\/p>\n<p>Para o diretor-geral do Hospital de Cl\u00ednicas, Thyago Morais, o Governo da Para\u00edba, por meio da Secretaria de Estado da Sa\u00fade (SES), vem fortalecendo o atendimento pedi\u00e1trico para atender \u00e0 demanda da popula\u00e7\u00e3o. \u201cRecebemos as crian\u00e7as com atividades com aten\u00e7\u00e3o especial para que n\u00e3o seja um processo traum\u00e1tico. Com as cirurgias, as crian\u00e7as que antes n\u00e3o podiam brincar, agora podem ter uma inf\u00e2ncia tranquila\u201d.<\/p>\n","protected":false},"excerpt":{"rendered":"<p>OPrograma Opera Para\u00edba, iniciativa do Governo do Estado para reduzir o tempo de espera por cirurgias eletivas e agilizar o atendimento da popula\u00e7\u00e3o, realizou 60 cirurgias pedi\u00e1tricas no Hospital de Cl\u00ednicas de Campina Grande. A a\u00e7\u00e3o ocorreu nesse fim de semana (24 e 25). Os procedimentos inclu\u00edram desde a remo\u00e7\u00e3o de am\u00edgdalas e adenoides, at\u00e9 &hellip;<\/p>\n","protected":false},"author":1,"featured_media":111016,"comment_status":"open","ping_status":"open","sticky":false,"template":"","format":"standard","meta":{"footnotes":""},"categories":[2],"tags":[],"class_list":["post-121479","post","type-post","status-publish","format-standard","has-post-thumbnail","hentry","category-saude"],"_links":{"self":[{"href":"https:\/\/iparaiba.com.br\/index.php\/wp-json\/wp\/v2\/posts\/121479","targetHints":{"allow":["GET"]}}],"collection":[{"href":"https:\/\/iparaiba.com.br\/index.php\/wp-json\/wp\/v2\/posts"}],"about":[{"href":"https:\/\/iparaiba.com.br\/index.php\/wp-json\/wp\/v2\/types\/post"}],"author":[{"embeddable":true,"href":"https:\/\/iparaiba.com.br\/index.php\/wp-json\/wp\/v2\/users\/1"}],"replies":[{"embeddable":true,"href":"https:\/\/iparaiba.com.br\/index.php\/wp-json\/wp\/v2\/comments?post=121479"}],"version-history":[{"count":1,"href":"https:\/\/iparaiba.com.br\/index.php\/wp-json\/wp\/v2\/posts\/121479\/revisions"}],"predecessor-version":[{"id":121500,"href":"https:\/\/iparaiba.com.br\/index.php\/wp-json\/wp\/v2\/posts\/121479\/revisions\/121500"}],"wp:featuredmedia":[{"embeddable":true,"href":"https:\/\/iparaiba.com.br\/index.php\/wp-json\/wp\/v2\/media\/111016"}],"wp:attachment":[{"href":"https:\/\/iparaiba.com.br\/index.php\/wp-json\/wp\/v2\/media?parent=121479"}],"wp:term":[{"taxonomy":"category","embeddable":true,"href":"https:\/\/iparaiba.com.br\/index.php\/wp-json\/wp\/v2\/categories?post=121479"},{"taxonomy":"post_tag","embeddable":true,"href":"https:\/\/iparaiba.com.br\/index.php\/wp-json\/wp\/v2\/tags?post=121479"}],"curies":[{"name":"wp","href":"https:\/\/api.w.org\/{rel}","templated":true}]}}