{"id":121478,"date":"2024-02-27T06:00:37","date_gmt":"2024-02-27T09:00:37","guid":{"rendered":"https:\/\/onordeste.com.br\/?p=121457"},"modified":"2024-02-27T06:00:37","modified_gmt":"2024-02-27T09:00:37","slug":"cagepa-entrega-nova-estacao-de-tratamento-de-agua-e-encerra-racionamento","status":"publish","type":"post","link":"https:\/\/iparaiba.com.br\/index.php\/2024\/02\/27\/cagepa-entrega-nova-estacao-de-tratamento-de-agua-e-encerra-racionamento\/","title":{"rendered":"Cagepa entrega nova Esta\u00e7\u00e3o de Tratamento de \u00c1gua e encerra racionamento"},"content":{"rendered":"<p>Depois de 13 anos de racionamento, mais de 35 mil paraibanos agora t\u00eam \u00e1gua nas torneiras todos os dias. A boa nova para os sertanejos de sete munic\u00edpios chegou com a conclus\u00e3o da obra da Esta\u00e7\u00e3o de Tratamento de \u00c1gua (ETA) do sistema integrado Capivara-Uira\u00fana.<\/p>\n<p>De acordo com o gerente regional da Cagepa, Bas\u00edlio Vale, a obra contou com a constru\u00e7\u00e3o e instala\u00e7\u00e3o de uma nova Esta\u00e7\u00e3o de Tratamento de \u00c1gua (ETA). \u201cA antiga Esta\u00e7\u00e3o integrada tinha funcionalidade para vaz\u00e3o de 40 litros por segundo. A nova ETA tem capacidade de at\u00e9 80 litros por segundo. Ou seja, agora, temos capacidade de dobrar a produ\u00e7\u00e3o de tratamento de \u00e1gua e atender toda a popula\u00e7\u00e3o da regi\u00e3o de forma ininterrupta\u201d, explicou.<\/p>\n<p>A nova ETA beneficiar\u00e1 as cidades de Uira\u00fana, Po\u00e7o Dantas, Po\u00e7o Jos\u00e9 de Moura, Joca Claudino, Lastro, Vieir\u00f3polis e Bernardo Batista. \u201cEstamos entregando para a popula\u00e7\u00e3o mais do que um equipamento, mas sim, a seguran\u00e7a h\u00eddrica t\u00e3o almejada por esse povo nos \u00faltimos anos\u201d, disse Bas\u00edlio.<\/p>\n<p>Satisfeito com a novidade, o agricultor Francisco Medeiros, morador da cidade de Lastro, diz que aposentou o balde que usava para guardar \u00e1gua nos dias de racionamento. \u201cPosso dizer que nossa vida melhorou 99%, porque agora estamos com \u00e1gua de segunda a segunda. \u00c1gua aqui n\u00e3o \u00e9 mais problema com essa nova adutora que instalaram. Ta uma maravilha. \u00c9 \u00e1gua sobrando, gra\u00e7as a Deus!\u201d, comemorou.<\/p>\n","protected":false},"excerpt":{"rendered":"<p>Depois de 13 anos de racionamento, mais de 35 mil paraibanos agora t\u00eam \u00e1gua nas torneiras todos os dias. A boa nova para os sertanejos de sete munic\u00edpios chegou com a conclus\u00e3o da obra da Esta\u00e7\u00e3o de Tratamento de \u00c1gua (ETA) do sistema integrado Capivara-Uira\u00fana. De acordo com o gerente regional da Cagepa, Bas\u00edlio Vale, &hellip;<\/p>\n","protected":false},"author":1,"featured_media":119004,"comment_status":"open","ping_status":"open","sticky":false,"template":"","format":"standard","meta":{"footnotes":""},"categories":[3],"tags":[],"class_list":["post-121478","post","type-post","status-publish","format-standard","has-post-thumbnail","hentry","category-nordeste"],"_links":{"self":[{"href":"https:\/\/iparaiba.com.br\/index.php\/wp-json\/wp\/v2\/posts\/121478","targetHints":{"allow":["GET"]}}],"collection":[{"href":"https:\/\/iparaiba.com.br\/index.php\/wp-json\/wp\/v2\/posts"}],"about":[{"href":"https:\/\/iparaiba.com.br\/index.php\/wp-json\/wp\/v2\/types\/post"}],"author":[{"embeddable":true,"href":"https:\/\/iparaiba.com.br\/index.php\/wp-json\/wp\/v2\/users\/1"}],"replies":[{"embeddable":true,"href":"https:\/\/iparaiba.com.br\/index.php\/wp-json\/wp\/v2\/comments?post=121478"}],"version-history":[{"count":1,"href":"https:\/\/iparaiba.com.br\/index.php\/wp-json\/wp\/v2\/posts\/121478\/revisions"}],"predecessor-version":[{"id":121499,"href":"https:\/\/iparaiba.com.br\/index.php\/wp-json\/wp\/v2\/posts\/121478\/revisions\/121499"}],"wp:featuredmedia":[{"embeddable":true,"href":"https:\/\/iparaiba.com.br\/index.php\/wp-json\/wp\/v2\/media\/119004"}],"wp:attachment":[{"href":"https:\/\/iparaiba.com.br\/index.php\/wp-json\/wp\/v2\/media?parent=121478"}],"wp:term":[{"taxonomy":"category","embeddable":true,"href":"https:\/\/iparaiba.com.br\/index.php\/wp-json\/wp\/v2\/categories?post=121478"},{"taxonomy":"post_tag","embeddable":true,"href":"https:\/\/iparaiba.com.br\/index.php\/wp-json\/wp\/v2\/tags?post=121478"}],"curies":[{"name":"wp","href":"https:\/\/api.w.org\/{rel}","templated":true}]}}