{"id":121456,"date":"2024-02-19T10:00:18","date_gmt":"2024-02-19T13:00:18","guid":{"rendered":"https:\/\/onordeste.com.br\/?p=121404"},"modified":"2024-02-19T10:00:18","modified_gmt":"2024-02-19T13:00:18","slug":"ubam-cria-o-projeto-internacional-cabonzero","status":"publish","type":"post","link":"https:\/\/iparaiba.com.br\/index.php\/2024\/02\/19\/ubam-cria-o-projeto-internacional-cabonzero\/","title":{"rendered":"UBAM cria o Projeto Internacional CabonZERO"},"content":{"rendered":"<p>A Uni\u00e3o Brasileira de Apoio aos Munic\u00edpios (UBAM) lan\u00e7ou o Projeto Internacional CarbonZERO que viabilizar\u00e1 a certifica\u00e7\u00e3o de cr\u00e9dito de carbono, com o objetivo de angariar mais de 500 Milh\u00f5es de D\u00f3lares para os Munic\u00edpios considerados verdes. O evento aconteceu na sede nacional da entidade,\u00a0 em Bras\u00edlia.<\/p>\n<p>A UBAM j\u00e1 formou sua equipe de especialistas em meio ambiente que, de in\u00edcio, vai catalogar os Munic\u00edpios que possuem importantes \u00e1reas de preserva\u00e7\u00e3o ambiental, \u00e1reas de florestas,\u00a0<em>\u00e1rea de preserva\u00e7\u00e3o<\/em>\u00a0permanente, coberta ou n\u00e3o por vegeta\u00e7\u00e3o nativa, com a fun\u00e7\u00e3o\u00a0de preservar os recursos\u00a0naturais, o que evidencia o enfrentamento aos efeitos nocivos \u00e0 camada de oz\u00f4nio, que tem preocupado a Organiza\u00e7\u00e3o das Na\u00e7\u00f5es Unidas, de onde a UBAM \u00e9 signat\u00e1ria.<\/p>\n<p>Durante o evento, o presidente nacional da UBAM, Leo Santana, fez uma explana\u00e7\u00e3o sobre o g\u00e1s chamado oz\u00f4nio que, segundo o documento, protege animais, plantas e seres humanos dos raios ultravioleta emitidos pelo Sol. Na superf\u00edcie terrestre, o oz\u00f4nio contribui para agravar a polui\u00e7\u00e3o do ar das cidades e a chuva \u00e1cida. Mas, nas alturas da estratosfera (entre 25 e 30 km acima da superf\u00edcie), \u00e9 um filtro a favor da vida. Sem ele, os raios ultravioleta poderiam aniquilar todas as formas de vida no planeta.<\/p>\n<p>\u201cH\u00e1 estudos cient\u00edficos de que subst\u00e2ncias usadas nas f\u00e1bricas e nas grandes ind\u00fastrias, com sua polui\u00e7\u00e3o, est\u00e3o destruindo a camada de oz\u00f4nio, sendo, assim, identificada a exist\u00eancia de um buraco nessa camada sobre a Ant\u00e1rtida, causado por diversas subst\u00e2ncias qu\u00edmicas. Essas subst\u00e2ncias contribuem tamb\u00e9m para o aquecimento da terra, o efeito estufa, o que evidencia hoje o descontrole clim\u00e1tico que sofremos com as severas mudan\u00e7as\u201d.<\/p>\n<p>Para fazer frente aos efeitos causados por v\u00e1rios agentes nocivos, o ecossistema possui um ant\u00eddoto natural imensur\u00e1vel capaz de diminuir esses efeitos, estando o Brasil na posi\u00e7\u00e3o mais privilegiada do mundo, devido a sua riqueza ambiental e a conserva\u00e7\u00e3o e preserva\u00e7\u00e3o das suas matas, pa\u00eds que possui a maior bacia hidrogr\u00e1fica do mundo e a Amaz\u00f4nia, incompar\u00e1vel ao resto do planeta.<\/p>\n<p>Com o Projeto, a UBAM certificar\u00e1 os Munic\u00edpios, possibilitando ingresso no mercado internacional de cr\u00e9dito de CO\u2082, de forma a receber diretamente, e sem intermedi\u00e1rios, recursos financeiros por compensa\u00e7\u00e3o ambiental, atrav\u00e9s do Selo CarbonZERO, que ser\u00e1 pago pelos pa\u00edses mais desenvolvidos do mundo, j\u00e1 que os mesmos n\u00e3o podem diminuir sua carga industrial, compensando assim os que neutralizam os nocivos efeitos por manter sua biodiversidade, funcionando como um \u201cant\u00eddoto\u201d contra os impactos ambientais em diversas esferas. Desta forma, conectamos as empresas a projetos respons\u00e1veis pela redu\u00e7\u00e3o de emiss\u00f5es de Gases de Efeito Estufa (GEE), ampliando a sustentabilidade empresarial.<\/p>\n<p><b>Ag\u00eancia UBAM<\/b><\/p>\n","protected":false},"excerpt":{"rendered":"<p>A Uni\u00e3o Brasileira de Apoio aos Munic\u00edpios (UBAM) lan\u00e7ou o Projeto Internacional CarbonZERO que viabilizar\u00e1 a certifica\u00e7\u00e3o de cr\u00e9dito de carbono, com o objetivo de angariar mais de 500 Milh\u00f5es de D\u00f3lares para os Munic\u00edpios considerados verdes. O evento aconteceu na sede nacional da entidade,\u00a0 em Bras\u00edlia. A UBAM j\u00e1 formou sua equipe de especialistas &hellip;<\/p>\n","protected":false},"author":1,"featured_media":108785,"comment_status":"open","ping_status":"open","sticky":false,"template":"","format":"standard","meta":{"footnotes":""},"categories":[10],"tags":[],"class_list":["post-121456","post","type-post","status-publish","format-standard","has-post-thumbnail","hentry","category-manchetes"],"_links":{"self":[{"href":"https:\/\/iparaiba.com.br\/index.php\/wp-json\/wp\/v2\/posts\/121456","targetHints":{"allow":["GET"]}}],"collection":[{"href":"https:\/\/iparaiba.com.br\/index.php\/wp-json\/wp\/v2\/posts"}],"about":[{"href":"https:\/\/iparaiba.com.br\/index.php\/wp-json\/wp\/v2\/types\/post"}],"author":[{"embeddable":true,"href":"https:\/\/iparaiba.com.br\/index.php\/wp-json\/wp\/v2\/users\/1"}],"replies":[{"embeddable":true,"href":"https:\/\/iparaiba.com.br\/index.php\/wp-json\/wp\/v2\/comments?post=121456"}],"version-history":[{"count":0,"href":"https:\/\/iparaiba.com.br\/index.php\/wp-json\/wp\/v2\/posts\/121456\/revisions"}],"wp:featuredmedia":[{"embeddable":true,"href":"https:\/\/iparaiba.com.br\/index.php\/wp-json\/wp\/v2\/media\/108785"}],"wp:attachment":[{"href":"https:\/\/iparaiba.com.br\/index.php\/wp-json\/wp\/v2\/media?parent=121456"}],"wp:term":[{"taxonomy":"category","embeddable":true,"href":"https:\/\/iparaiba.com.br\/index.php\/wp-json\/wp\/v2\/categories?post=121456"},{"taxonomy":"post_tag","embeddable":true,"href":"https:\/\/iparaiba.com.br\/index.php\/wp-json\/wp\/v2\/tags?post=121456"}],"curies":[{"name":"wp","href":"https:\/\/api.w.org\/{rel}","templated":true}]}}