{"id":121448,"date":"2024-02-21T12:00:48","date_gmt":"2024-02-21T15:00:48","guid":{"rendered":"https:\/\/onordeste.com.br\/?p=121438"},"modified":"2024-02-21T12:00:48","modified_gmt":"2024-02-21T15:00:48","slug":"stf-reafirma-decisao-que-restringe-comunicacao-entre-investigados-por-tentativa-de-golpe-de-estado","status":"publish","type":"post","link":"https:\/\/iparaiba.com.br\/index.php\/2024\/02\/21\/stf-reafirma-decisao-que-restringe-comunicacao-entre-investigados-por-tentativa-de-golpe-de-estado\/","title":{"rendered":"STF reafirma decis\u00e3o que restringe comunica\u00e7\u00e3o entre investigados por tentativa de golpe de Estado"},"content":{"rendered":"<p>Em resposta \u00e0 manifesta\u00e7\u00e3o feita pelo Conselho Federal da Ordem dos Advogados do Brasil (OAB), o ministro Alexandre de Moraes, do Supremo Tribunal Federal (STF), reafirmou nesta sexta-feira (16) a decis\u00e3o que proibiu qualquer comunica\u00e7\u00e3o entre investigados no \u00e2mbito da investiga\u00e7\u00e3o sobre tentativa de golpe de Estado, deflagrada pela Pol\u00edcia Federal na semana passada.<\/p>\n<p>O ministro destacou ainda que \u201cem momento algum houve proibi\u00e7\u00e3o de comunica\u00e7\u00e3o entre advogados ou qualquer restri\u00e7\u00e3o ao exerc\u00edcio da essencial e imprescind\u00edvel atividade da advocacia para a consecu\u00e7\u00e3o efetiva do devido processo legal e da ampla defesa\u201d.<\/p>\n<p>O ministro Alexandre de Moraes acrescentou que a proibi\u00e7\u00e3o de manter contato entre os investigados \u00e9 medida que se faz necess\u00e1ria para resguardar a investiga\u00e7\u00e3o, evitando-se a combina\u00e7\u00e3o de vers\u00f5es, al\u00e9m de inibir poss\u00edveis influ\u00eancias indevidas entre as testemunhas e outras pessoas que possam colaborar com o esclarecimento dos fatos.<\/p>\n<p>Por isso, na avalia\u00e7\u00e3o do ministro, \u00e9 necess\u00e1rio manter a proibi\u00e7\u00e3o de contato dos investigados entre si, seja pessoalmente ou por telefone, e-mail, cartas ou qualquer outro m\u00e9todo, inclusive estando vedada a comunica\u00e7\u00e3o dos investigados realizada por interm\u00e9dio de terceira pessoa, sejam familiares, amigos ou advogados, para que n\u00e3o haja indevida interfer\u00eancia no processo investigativo.<\/p>\n<p>Assim, o relator manteve a determina\u00e7\u00e3o e reiterou que n\u00e3o h\u00e1 qualquer preju\u00edzo \u00e0s prerrogativas da advocacia, restando tamb\u00e9m mantidos integralmente o direito \u00e0 liberdade do exerc\u00edcio profissional e o direito \u00e0 comunica\u00e7\u00e3o resguardado constitucionalmente.<\/p>\n<p><b>A apura\u00e7\u00e3o<\/b><\/p>\n<p>No \u00e2mbito da Peti\u00e7\u00e3o (PET) 12100, a Pol\u00edcia Federal investiga organiza\u00e7\u00e3o criminosa envolvida em tentativa de golpe de Estado e aboli\u00e7\u00e3o violenta do Estado Democr\u00e1tico de Direito ap\u00f3s as elei\u00e7\u00f5es presidenciais de outubro de 2022. Na semana passada, o ministro autorizou a opera\u00e7\u00e3o a pedido da PF, com aval da Procuradoria-Geral da Rep\u00fablica (PGR), para decreta\u00e7\u00e3o de pris\u00f5es e medidas cautelares, entre elas a proibi\u00e7\u00e3o de se ausentar do pa\u00eds e de se comunicar com outros investigados.<\/p>\n<p>Na decis\u00e3o que prestou esclarecimentos \u00e0 OAB, o ministro Alexandre de Moraes destacou que os elementos apresentados at\u00e9 o momento indicam que se trata de um grupo criminoso que, de forma coordenada e estruturada, atuava nitidamente para viabilizar e concretizar medidas de ruptura institucional.<\/p>\n<p>Leia\u00a0<a href=\"http:\/\/www.stf.jus.br\/arquivo\/cms\/noticiaNoticiaStf\/anexo\/Pet12100MINISTROALEXANDREDEMORAESOAB.pdff.pdf\">aqui a \u00edntegra<\/a>\u00a0da decis\u00e3o<\/p>\n","protected":false},"excerpt":{"rendered":"<p>Em resposta \u00e0 manifesta\u00e7\u00e3o feita pelo Conselho Federal da Ordem dos Advogados do Brasil (OAB), o ministro Alexandre de Moraes, do Supremo Tribunal Federal (STF), reafirmou nesta sexta-feira (16) a decis\u00e3o que proibiu qualquer comunica\u00e7\u00e3o entre investigados no \u00e2mbito da investiga\u00e7\u00e3o sobre tentativa de golpe de Estado, deflagrada pela Pol\u00edcia Federal na semana passada. O &hellip;<\/p>\n","protected":false},"author":1,"featured_media":107952,"comment_status":"open","ping_status":"open","sticky":false,"template":"","format":"standard","meta":{"footnotes":""},"categories":[9],"tags":[],"class_list":["post-121448","post","type-post","status-publish","format-standard","has-post-thumbnail","hentry","category-justica"],"_links":{"self":[{"href":"https:\/\/iparaiba.com.br\/index.php\/wp-json\/wp\/v2\/posts\/121448","targetHints":{"allow":["GET"]}}],"collection":[{"href":"https:\/\/iparaiba.com.br\/index.php\/wp-json\/wp\/v2\/posts"}],"about":[{"href":"https:\/\/iparaiba.com.br\/index.php\/wp-json\/wp\/v2\/types\/post"}],"author":[{"embeddable":true,"href":"https:\/\/iparaiba.com.br\/index.php\/wp-json\/wp\/v2\/users\/1"}],"replies":[{"embeddable":true,"href":"https:\/\/iparaiba.com.br\/index.php\/wp-json\/wp\/v2\/comments?post=121448"}],"version-history":[{"count":1,"href":"https:\/\/iparaiba.com.br\/index.php\/wp-json\/wp\/v2\/posts\/121448\/revisions"}],"predecessor-version":[{"id":121472,"href":"https:\/\/iparaiba.com.br\/index.php\/wp-json\/wp\/v2\/posts\/121448\/revisions\/121472"}],"wp:featuredmedia":[{"embeddable":true,"href":"https:\/\/iparaiba.com.br\/index.php\/wp-json\/wp\/v2\/media\/107952"}],"wp:attachment":[{"href":"https:\/\/iparaiba.com.br\/index.php\/wp-json\/wp\/v2\/media?parent=121448"}],"wp:term":[{"taxonomy":"category","embeddable":true,"href":"https:\/\/iparaiba.com.br\/index.php\/wp-json\/wp\/v2\/categories?post=121448"},{"taxonomy":"post_tag","embeddable":true,"href":"https:\/\/iparaiba.com.br\/index.php\/wp-json\/wp\/v2\/tags?post=121448"}],"curies":[{"name":"wp","href":"https:\/\/api.w.org\/{rel}","templated":true}]}}