{"id":121446,"date":"2024-02-21T08:00:41","date_gmt":"2024-02-21T11:00:41","guid":{"rendered":"https:\/\/onordeste.com.br\/?p=121434"},"modified":"2024-02-21T08:00:41","modified_gmt":"2024-02-21T11:00:41","slug":"governo-discute-estrategias-de-vacinacao-contra-a-dengue","status":"publish","type":"post","link":"https:\/\/iparaiba.com.br\/index.php\/2024\/02\/21\/governo-discute-estrategias-de-vacinacao-contra-a-dengue\/","title":{"rendered":"Governo discute estrat\u00e9gias de vacina\u00e7\u00e3o contra a dengue"},"content":{"rendered":"<p class=\"p1\">O Governo da Para\u00edba, por meio da Secretaria de Estado da Sa\u00fade (SES), representada pelo N\u00facleo Estadual de Imuniza\u00e7\u00f5es, realizou reuni\u00e3o de alinhamento t\u00e9cnico para estrat\u00e9gias de vacina\u00e7\u00e3o contra a dengue, em 2024, nos 14 munic\u00edpios da 1\u00aa Regi\u00e3o de Sa\u00fade. Participaram coordenadores de imuniza\u00e7\u00e3o dos munic\u00edpios; Conselho de Secretarias Municipais de Sa\u00fade da Para\u00edba (Cosems-PB); Coordena\u00e7\u00e3o de Imuniza\u00e7\u00e3o da 1\u00aa Ger\u00eancia Regional de Sa\u00fade e apoiadoras institucionais do Projeto Vacina Mais Para\u00edba. Ap\u00f3s a reuni\u00e3o, a SES distribuiu as 37.040 doses da vacina Qdenga para os 14 munic\u00edpios, que iniciar\u00e3o a operacionaliza\u00e7\u00e3o da vacina\u00e7\u00e3o no p\u00fablico-alvo \u2013 as crian\u00e7as e adolescentes, de 10 a 14 anos.<\/p>\n<p class=\"p3\">A maioria dos munic\u00edpios iniciar\u00e1 a vacina\u00e7\u00e3o a partir da pr\u00f3xima segunda-feira (19). Cada munic\u00edpio tem autonomia para definir a data do in\u00edcio da vacina\u00e7\u00e3o e as estrat\u00e9gias que ser\u00e3o utilizadas para vacinar o p\u00fablico-alvo.<\/p>\n<p class=\"p3\">Durante a reuni\u00e3o, foi apresentado o cen\u00e1rio epidemiol\u00f3gico da dengue na Para\u00edba; os crit\u00e9rios utilizados pelo Minist\u00e9rio da Sa\u00fade para a defini\u00e7\u00e3o dos munic\u00edpios que receber\u00e3o a vacina nesse primeiro momento; foi detalhada a import\u00e2ncia de realizar a busca ativa para vacina\u00e7\u00e3o nos ambientes escolares e disponibiliza\u00e7\u00e3o da Qdenga nas salas de vacina das Unidades de Sa\u00fade da Fam\u00edlia e destacados os detalhes t\u00e9cnicos da vacina, al\u00e9m da meta estabelecida pelo MS de vacina\u00e7\u00e3o de 90% e a import\u00e2ncia de repassar todas as informa\u00e7\u00f5es para os profissionais das Salas de Vacina.\u00a0<span class=\"Apple-converted-space\">\u00a0<\/span><\/p>\n<p class=\"p3\">Segundo a coordenadora do N\u00facleo de Imuniza\u00e7\u00e3o da SES, M\u00e1rcia Mayara, no encontro, foram definidas as estrat\u00e9gias de cada munic\u00edpio. \u201cFicou pactuado com esses munic\u00edpios que ir\u00e3o realizar a organiza\u00e7\u00e3o de sua rede para iniciar a vacina\u00e7\u00e3o o quanto antes no p\u00fablico de 10 a 14 anos\u201d, falou.<\/p>\n","protected":false},"excerpt":{"rendered":"<p>O Governo da Para\u00edba, por meio da Secretaria de Estado da Sa\u00fade (SES), representada pelo N\u00facleo Estadual de Imuniza\u00e7\u00f5es, realizou reuni\u00e3o de alinhamento t\u00e9cnico para estrat\u00e9gias de vacina\u00e7\u00e3o contra a dengue, em 2024, nos 14 munic\u00edpios da 1\u00aa Regi\u00e3o de Sa\u00fade. Participaram coordenadores de imuniza\u00e7\u00e3o dos munic\u00edpios; Conselho de Secretarias Municipais de Sa\u00fade da Para\u00edba &hellip;<\/p>\n","protected":false},"author":1,"featured_media":98724,"comment_status":"open","ping_status":"open","sticky":false,"template":"","format":"standard","meta":{"footnotes":""},"categories":[3],"tags":[],"class_list":["post-121446","post","type-post","status-publish","format-standard","has-post-thumbnail","hentry","category-nordeste"],"_links":{"self":[{"href":"https:\/\/iparaiba.com.br\/index.php\/wp-json\/wp\/v2\/posts\/121446","targetHints":{"allow":["GET"]}}],"collection":[{"href":"https:\/\/iparaiba.com.br\/index.php\/wp-json\/wp\/v2\/posts"}],"about":[{"href":"https:\/\/iparaiba.com.br\/index.php\/wp-json\/wp\/v2\/types\/post"}],"author":[{"embeddable":true,"href":"https:\/\/iparaiba.com.br\/index.php\/wp-json\/wp\/v2\/users\/1"}],"replies":[{"embeddable":true,"href":"https:\/\/iparaiba.com.br\/index.php\/wp-json\/wp\/v2\/comments?post=121446"}],"version-history":[{"count":1,"href":"https:\/\/iparaiba.com.br\/index.php\/wp-json\/wp\/v2\/posts\/121446\/revisions"}],"predecessor-version":[{"id":121470,"href":"https:\/\/iparaiba.com.br\/index.php\/wp-json\/wp\/v2\/posts\/121446\/revisions\/121470"}],"wp:featuredmedia":[{"embeddable":true,"href":"https:\/\/iparaiba.com.br\/index.php\/wp-json\/wp\/v2\/media\/98724"}],"wp:attachment":[{"href":"https:\/\/iparaiba.com.br\/index.php\/wp-json\/wp\/v2\/media?parent=121446"}],"wp:term":[{"taxonomy":"category","embeddable":true,"href":"https:\/\/iparaiba.com.br\/index.php\/wp-json\/wp\/v2\/categories?post=121446"},{"taxonomy":"post_tag","embeddable":true,"href":"https:\/\/iparaiba.com.br\/index.php\/wp-json\/wp\/v2\/tags?post=121446"}],"curies":[{"name":"wp","href":"https:\/\/api.w.org\/{rel}","templated":true}]}}