{"id":121445,"date":"2024-02-21T06:00:04","date_gmt":"2024-02-21T09:00:04","guid":{"rendered":"https:\/\/onordeste.com.br\/?p=121432"},"modified":"2024-02-21T06:00:04","modified_gmt":"2024-02-21T09:00:04","slug":"procon-pb-lanca-projeto-que-vai-levar-servicos-essenciais-aos-consumidores","status":"publish","type":"post","link":"https:\/\/iparaiba.com.br\/index.php\/2024\/02\/21\/procon-pb-lanca-projeto-que-vai-levar-servicos-essenciais-aos-consumidores\/","title":{"rendered":"Procon-PB lan\u00e7a projeto que vai levar servi\u00e7os essenciais aos consumidores"},"content":{"rendered":"<p>A Autarquia de Prote\u00e7\u00e3o e Defesa do Consumidor do Estado da Para\u00edba (Procon-PB) lan\u00e7a o projeto Pro-comunidade, uma a\u00e7\u00e3o de cidadania do Governo da Para\u00edba que vai levar aos consumidores todos os servi\u00e7os, como or\u00e7amento dom\u00e9stico, abertura de reclama\u00e7\u00e3o, orienta\u00e7\u00e3o para um consumo consciente, al\u00e9m de distribui\u00e7\u00e3o de cartilhas educativas voltadas \u00e0s orienta\u00e7\u00f5es dos direitos consumeristas. A a\u00e7\u00e3o ser\u00e1 realizada neste primeiro dia das 8h \u00e0s 15h na comunidade Vale das Palmeiras, em Jo\u00e3o Pessoa.<\/p>\n<p>O Pr\u00f3-comunidade surge da escuta e necessidade dos consumidores que se encontram em condi\u00e7\u00f5es mais delicadas, tanto no quesito financeiro, como na quest\u00e3o de mobilidade. Desse modo, o Procon Estadual da Para\u00edba busca democratizar este acesso, ao oferecer servi\u00e7os como abertura de audi\u00eancias ou sanar d\u00favidas relacionadas aos seus direitos fundamentais.<\/p>\n<p>O projeto \u00e9 uma a\u00e7\u00e3o do Governo do Estado, por meio do Procon Estadual em parceria com Cagepa, Energisa e Programa Cidad\u00e3o, tendo como objetivo principal levar aos consumidores de bairros distantes em toda Para\u00edba todos os servi\u00e7os disponibilizados pelo \u00f3rg\u00e3o e demais parceiros para os usu\u00e1rios que por vezes n\u00e3o t\u00eam a oportunidade de buscar seus direitos.<\/p>\n<p>A Secretaria de Estado do Desenvolvimento Humano, por meio do Programa Cidad\u00e3o, realizar\u00e1 a expedi\u00e7\u00e3o da Carteira de Identidade Nacional (CIN), 2\u00aa. via do CPF, CTPS (Carteira de Trabalho) virtual, al\u00e9m de foto 3&#215;4. Para emiss\u00e3o da Carteira de Identidade Nacional \u00e9 necess\u00e1ria apresentar documenta\u00e7\u00e3o: certid\u00e3o de nascimento ou casamento, se divorciado a averba\u00e7\u00e3o, comprovante de resid\u00eancia e CPF regular.<\/p>\n","protected":false},"excerpt":{"rendered":"<p>A Autarquia de Prote\u00e7\u00e3o e Defesa do Consumidor do Estado da Para\u00edba (Procon-PB) lan\u00e7a o projeto Pro-comunidade, uma a\u00e7\u00e3o de cidadania do Governo da Para\u00edba que vai levar aos consumidores todos os servi\u00e7os, como or\u00e7amento dom\u00e9stico, abertura de reclama\u00e7\u00e3o, orienta\u00e7\u00e3o para um consumo consciente, al\u00e9m de distribui\u00e7\u00e3o de cartilhas educativas voltadas \u00e0s orienta\u00e7\u00f5es dos direitos &hellip;<\/p>\n","protected":false},"author":1,"featured_media":108055,"comment_status":"open","ping_status":"open","sticky":false,"template":"","format":"standard","meta":{"footnotes":""},"categories":[16],"tags":[],"class_list":["post-121445","post","type-post","status-publish","format-standard","has-post-thumbnail","hentry","category-economia"],"_links":{"self":[{"href":"https:\/\/iparaiba.com.br\/index.php\/wp-json\/wp\/v2\/posts\/121445","targetHints":{"allow":["GET"]}}],"collection":[{"href":"https:\/\/iparaiba.com.br\/index.php\/wp-json\/wp\/v2\/posts"}],"about":[{"href":"https:\/\/iparaiba.com.br\/index.php\/wp-json\/wp\/v2\/types\/post"}],"author":[{"embeddable":true,"href":"https:\/\/iparaiba.com.br\/index.php\/wp-json\/wp\/v2\/users\/1"}],"replies":[{"embeddable":true,"href":"https:\/\/iparaiba.com.br\/index.php\/wp-json\/wp\/v2\/comments?post=121445"}],"version-history":[{"count":1,"href":"https:\/\/iparaiba.com.br\/index.php\/wp-json\/wp\/v2\/posts\/121445\/revisions"}],"predecessor-version":[{"id":121469,"href":"https:\/\/iparaiba.com.br\/index.php\/wp-json\/wp\/v2\/posts\/121445\/revisions\/121469"}],"wp:featuredmedia":[{"embeddable":true,"href":"https:\/\/iparaiba.com.br\/index.php\/wp-json\/wp\/v2\/media\/108055"}],"wp:attachment":[{"href":"https:\/\/iparaiba.com.br\/index.php\/wp-json\/wp\/v2\/media?parent=121445"}],"wp:term":[{"taxonomy":"category","embeddable":true,"href":"https:\/\/iparaiba.com.br\/index.php\/wp-json\/wp\/v2\/categories?post=121445"},{"taxonomy":"post_tag","embeddable":true,"href":"https:\/\/iparaiba.com.br\/index.php\/wp-json\/wp\/v2\/tags?post=121445"}],"curies":[{"name":"wp","href":"https:\/\/api.w.org\/{rel}","templated":true}]}}