{"id":121442,"date":"2024-02-20T14:00:26","date_gmt":"2024-02-20T17:00:26","guid":{"rendered":"https:\/\/onordeste.com.br\/?p=121426"},"modified":"2024-02-20T14:00:26","modified_gmt":"2024-02-20T17:00:26","slug":"oab-reforca-atuacao-apartidaria-durante-abertura-do-ano-judiciario","status":"publish","type":"post","link":"https:\/\/iparaiba.com.br\/index.php\/2024\/02\/20\/oab-reforca-atuacao-apartidaria-durante-abertura-do-ano-judiciario\/","title":{"rendered":"OAB refor\u00e7a atua\u00e7\u00e3o apartid\u00e1ria durante abertura do Ano Judici\u00e1rio"},"content":{"rendered":"<p>A abertura do Ano Judici\u00e1rio de 2024 no Tribunal Superior Eleitoral (TSE) foi celebrada em sess\u00e3o ordin\u00e1ria nesta quinta-feira (1\/2). O presidente do Conselho Federal da OAB, Beto Simonetti, esteve no evento representando a advocacia brasileira e destacou a atua\u00e7\u00e3o apartid\u00e1ria da Ordem, a lisura do processo eleitoral e a parceria entre as duas institui\u00e7\u00f5es.<\/p>\n<p>\u201cA posi\u00e7\u00e3o hoje ocupada pela Ordem se deve \u00e0 sua posi\u00e7\u00e3o isenta e equidistante dos partidos pol\u00edticos e ideologias. A OAB n\u00e3o \u00e9 de partidos, de governos ou de candidatos. Ela \u00e9 da advocacia e da sociedade brasileira. E assim seguiremos em 2024: ao lado da Constitui\u00e7\u00e3o e da Justi\u00e7a e apartid\u00e1rios. Nossa ideologia \u00e9 a pr\u00f3pria Constitui\u00e7\u00e3o, as liberdades individuais e as prerrogativas da advocacia\u201d, declarou.<\/p>\n<p>Na presen\u00e7a do presidente da Casa, Alexandre de Moraes, e demais magistrados do TSE, Simonetti reafirmou o compromisso da Ordem com a Constitui\u00e7\u00e3o e com a Justi\u00e7a Eleitoral. \u201cSeguiremos prontos a defender as institui\u00e7\u00f5es, a urna eletr\u00f4nica e este tribunal\u201d, disse.<\/p>\n<p><b>8 de janeiro<\/b><\/p>\n<p>O dirigente do CFOAB ainda lembrou de sua participa\u00e7\u00e3o na abertura do Ano Judici\u00e1rio de 2023, quando o pa\u00eds ainda vivia ressaca dos ataques do dia 8 de janeiro \u00e0s sedes dos Tr\u00eas Poderes. \u201cA Ordem dos Advogados do Brasil participou ativamente do esfor\u00e7o de defesa das institui\u00e7\u00f5es. Ao mesmo tempo em que apoiamos o enfrentamento \u00e0s amea\u00e7as contra a democracia, tamb\u00e9m fomos intransigentes em rela\u00e7\u00e3o \u00e0 necessidade de respeito ao devido processo legal e ao direito de defesa. Atuamos para assegurar as prerrogativas das advogadas e advogados que atuavam e ainda atuam nos casos decorrentes do 8 de janeiro.\u201d<\/p>\n","protected":false},"excerpt":{"rendered":"<p>A abertura do Ano Judici\u00e1rio de 2024 no Tribunal Superior Eleitoral (TSE) foi celebrada em sess\u00e3o ordin\u00e1ria nesta quinta-feira (1\/2). O presidente do Conselho Federal da OAB, Beto Simonetti, esteve no evento representando a advocacia brasileira e destacou a atua\u00e7\u00e3o apartid\u00e1ria da Ordem, a lisura do processo eleitoral e a parceria entre as duas institui\u00e7\u00f5es. &hellip;<\/p>\n","protected":false},"author":1,"featured_media":116667,"comment_status":"open","ping_status":"open","sticky":false,"template":"","format":"standard","meta":{"footnotes":""},"categories":[9],"tags":[],"class_list":["post-121442","post","type-post","status-publish","format-standard","has-post-thumbnail","hentry","category-justica"],"_links":{"self":[{"href":"https:\/\/iparaiba.com.br\/index.php\/wp-json\/wp\/v2\/posts\/121442","targetHints":{"allow":["GET"]}}],"collection":[{"href":"https:\/\/iparaiba.com.br\/index.php\/wp-json\/wp\/v2\/posts"}],"about":[{"href":"https:\/\/iparaiba.com.br\/index.php\/wp-json\/wp\/v2\/types\/post"}],"author":[{"embeddable":true,"href":"https:\/\/iparaiba.com.br\/index.php\/wp-json\/wp\/v2\/users\/1"}],"replies":[{"embeddable":true,"href":"https:\/\/iparaiba.com.br\/index.php\/wp-json\/wp\/v2\/comments?post=121442"}],"version-history":[{"count":1,"href":"https:\/\/iparaiba.com.br\/index.php\/wp-json\/wp\/v2\/posts\/121442\/revisions"}],"predecessor-version":[{"id":121466,"href":"https:\/\/iparaiba.com.br\/index.php\/wp-json\/wp\/v2\/posts\/121442\/revisions\/121466"}],"wp:featuredmedia":[{"embeddable":true,"href":"https:\/\/iparaiba.com.br\/index.php\/wp-json\/wp\/v2\/media\/116667"}],"wp:attachment":[{"href":"https:\/\/iparaiba.com.br\/index.php\/wp-json\/wp\/v2\/media?parent=121442"}],"wp:term":[{"taxonomy":"category","embeddable":true,"href":"https:\/\/iparaiba.com.br\/index.php\/wp-json\/wp\/v2\/categories?post=121442"},{"taxonomy":"post_tag","embeddable":true,"href":"https:\/\/iparaiba.com.br\/index.php\/wp-json\/wp\/v2\/tags?post=121442"}],"curies":[{"name":"wp","href":"https:\/\/api.w.org\/{rel}","templated":true}]}}