{"id":121441,"date":"2024-02-20T12:20:38","date_gmt":"2024-02-20T15:20:38","guid":{"rendered":"https:\/\/onordeste.com.br\/?p=121424"},"modified":"2024-02-20T12:20:38","modified_gmt":"2024-02-20T15:20:38","slug":"ufcg-oferta-mais-de-550-vagas-remanescentes","status":"publish","type":"post","link":"https:\/\/iparaiba.com.br\/index.php\/2024\/02\/20\/ufcg-oferta-mais-de-550-vagas-remanescentes\/","title":{"rendered":"UFCG oferta mais de 550 vagas remanescentes"},"content":{"rendered":"<p>A Universidade Federal de Campina Grande (UFCG) divulgou o edital do Processo Seletivo de Vagas Remanescentes para ingresso no Per\u00edodo Letivo 2023.2. S\u00e3o oferecidas 552 vagas, entre ampla concorr\u00eancia e cotas, distribu\u00eddas em cursos dos campi Campina Grande, Cajazeiras, Cuit\u00e9, Patos e Pombal.<\/p>\n<p><strong>Confira os cursos com vagas remanescentes.<\/strong><\/p>\n<p><strong>Campus Campina Grande<\/strong><\/p>\n<p>ADMINISTRA\u00c7\u00c3O \u2013 Bacharelado diurno \u2013 6 vagas<br \/>\nADMINISTRA\u00c7\u00c3O \u2013 Bacharelado noturno \u2013 13 vagas<br \/>\nARQUITETURA E URBANISMO \u2013 Bacharelado diurno \u2013 8 vagas<br \/>\nARTE E M\u00cdDIA \u2013 Bacharelado diurno \u2013 3 vagas<br \/>\nCI\u00caNCIA DA COMPUTA\u00c7\u00c3O \u2013 Bacharelado diurno \u2013 1 vaga<br \/>\nCI\u00caNCIA ECON\u00d4MICA \u2013 Bacharelado noturno \u2013 34 vagas<br \/>\nCI\u00caNCIAS SOCIAIS \u2013 Licenciatura noturno \u2013 21 vagas<br \/>\nCOMUNICA\u00c7\u00c3O SOCIAL \u2013 Bacharelado diurno \u2013 25 vagas<br \/>\nCOMUNICA\u00c7\u00c3O SOCIAL \u2013 Bacharelado noturno \u2013 23 vagas<br \/>\nDESIGN \u2013 Bacharelado diurno \u2013 3 vagas<br \/>\nENFERMAGEM \u2013 Bacharelado diurno \u2013 2 vagas<br \/>\nENGENHARIA CIVIL \u2013 Bacharelado diurno \u2013 23 vagas<br \/>\nENGENHARIA EL\u00c9TRICA \u2013 Bacharelado diurno \u2013 70 vagas<br \/>\nENGENHARIA MEC\u00c2NICA \u2013 Bacharelado diurno \u2013 23 vagas<br \/>\nHIST\u00d3RIA \u2013 Licenciatura noturno \u2013 8 vagas<br \/>\nLETRAS \u2013 ESPANHOL \u2013 Licenciatura noturno \u2013 7 vagas<br \/>\nMEDICINA \u2013 Bacharelado diurno \u2013 5 vagas<br \/>\nPEDAGOGIA \u2013 Licenciatura noturno \u2013 4 vagas<br \/>\nPSICOLOGIA \u2013 Bacharelado diurno \u2013 7 vagas<\/p>\n<p><strong>Campus Cajazeiras<\/strong><\/p>\n<p>ENFERMAGEM \u2013 Bacharelado diurno \u2013 6 vagas<br \/>\nGEOGRAFIA \u2013 Licenciatura matutino \u2013 1 vaga<br \/>\nHIST\u00d3RIA \u2013 Licenciatura noturno \u2013 9 vagas<br \/>\nLETRAS \u2013 L\u00cdNGUA PORTUGUESA \u2013 Licenciatura noturno \u2013 9 vagas<br \/>\nPEDAGOGIA \u2013 Licenciatura noturno \u2013 4 vagas<\/p>\n<p><strong>Campus Cuit\u00e9<\/strong><\/p>\n<p>ENFERMAGEM \u2013 Bacharelado diurno \u2013 5 vagas<br \/>\nFARM\u00c1CIA \u2013 Bacharelado diurno \u2013 16 vagas<br \/>\nNUTRI\u00c7\u00c3O \u2013 Bacharelado diurno \u2013 15 vagas<\/p>\n<p><strong>Campus Patos<\/strong><\/p>\n<p>CI\u00caNCIAS BIOL\u00d3GICAS \u2013 Licenciatura noturno \u2013 20 vagas<br \/>\nMEDICINA VETERIN\u00c1RIA \u2013 Bacharelado diurno \u2013 1 vaga<br \/>\nODONTOLOGIA \u2013 Bacharelado diurno \u2013 24 vagas<\/p>\n<p><strong>Campus Pombal<\/strong><\/p>\n<p>AGRONOMIA \u2013 Bacharelado diurno \u2013 39 vagas<br \/>\nENGENHARIA AMBIENTAL \u2013 Bacharelado diurno \u2013 41 vagas<br \/>\nENGENHARIA CIVIL \u2013 Bacharelado diurno \u2013 36 vagas<br \/>\nENGENHARIA DE ALIMENTOS \u2013 Bacharelado diurno \u2013 39 vagas<\/p>\n<p>As inscri\u00e7\u00f5es devem ser feitas at\u00e9 \u00e0s 23h59min da pr\u00f3xima quarta-feira, dia 14 de fevereiro, por meio de formul\u00e1rio online. N\u00e3o \u00e9 permitida a inscri\u00e7\u00e3o em mais de um curso.<\/p>\n<p>Podem participar do processo seletivo candidatos que participaram do Exame Nacional do Ensino M\u00e9dio (Enem) a partir do ano de 2015 at\u00e9 2023. Tamb\u00e9m podem participar candidatos j\u00e1 cadastrados para o Per\u00edodo 2024.1 ou 2024.2, ou ainda os que j\u00e1 est\u00e3o cursando o Per\u00edodo 2023.2 na UFCG.<\/p>\n<p>A Chamada \u00danica com os nomes dos candidatos classificados sair\u00e1 na pr\u00f3xima sexta-feira, dia 16 de fevereiro, no site da Comiss\u00e3o de Processos Vestibulares (Comprov).<\/p>\n<p><strong>Cadastramento<\/strong><\/p>\n<p>De 17 a 19 de fevereiro, os candidatos classificados dever\u00e3o fazer o envio online da documenta\u00e7\u00e3o exigida para cadastramento, conforme sua modalidade de vaga. O n\u00e3o envio da documenta\u00e7\u00e3o exigida no prazo estipulado no edital implicar\u00e1 na perda do direito \u00e0 vaga na UFCG.<\/p>\n<p>A an\u00e1lise e valida\u00e7\u00e3o da documenta\u00e7\u00e3o enviada pelos candidatos, bem como a matr\u00edcula em disciplinas, ser\u00e3o realizadas pelas coordena\u00e7\u00f5es de cursos de 17 a 22 de fevereiro.<\/p>\n<p>No caso de documenta\u00e7\u00e3o irregular, a coordena\u00e7\u00e3o do curso solicitar\u00e1 ao candidato, via e-mail (o mesmo informado no ato da inscri\u00e7\u00e3o no SiSU), em tempo h\u00e1bil, a documenta\u00e7\u00e3o retificada para que se efetue o cadastramento. O envio desta documenta\u00e7\u00e3o dever\u00e1 ser feito para o e-mail da coordena\u00e7\u00e3o do curso.<\/p>\n<p>Realizado o cadastramento, o Sistema de Controle Acad\u00eamico Online (SCAO) da UFCG encaminhar\u00e1 e- mail de confirma\u00e7\u00e3o, com o n\u00famero de registro do aluno no sistema.<\/p>\n<p><strong>Comiss\u00e3o de Valida\u00e7\u00e3o PPI\/PcD<\/strong><\/p>\n<p>Os candidatos que concorrem \u00e0s vagas reservadas para Pessoa com Defici\u00eancia (PcD) ou pessoa Preta, Parda ou Ind\u00edgena (PPI), al\u00e9m do cadastramento, tamb\u00e9m dever\u00e3o apresentar presencialmente a documenta\u00e7\u00e3o comprobat\u00f3ria especificada em cada cota \u00e0s comiss\u00f5es de Valida\u00e7\u00e3o de autodeclara\u00e7\u00e3o nos dias 19 e 20 de fevereiro, das 8h \u00e0s 12h e das 14h \u00e0s 17h. O Edital Complementar de Convoca\u00e7\u00e3o ainda ser\u00e1 publicado pela Comprov.<\/p>\n<p>O procedimento n\u00e3o se restringe \u00e0 simples entrega da documenta\u00e7\u00e3o exigida no Edital de Convoca\u00e7\u00e3o, mas tamb\u00e9m an\u00e1lise e entrevista feita pela Comiss\u00e3o de Valida\u00e7\u00e3o, para verificar se o candidato realmente corresponde \u00e0s caracter\u00edsticas fenot\u00edpicas exigidas. O n\u00e3o comparecimento ou indeferimento pelas comiss\u00f5es de Valida\u00e7\u00e3o PPI e\/ou PcD implicar\u00e1 na elimina\u00e7\u00e3o do candidato.<\/p>\n<p>O per\u00edodo 2023.2 da UFCG teve in\u00edcio no dia 1\u00ba de fevereiro. Ent\u00e3o, assim que a coordena\u00e7\u00e3o de curso realizar o cadastramento e matr\u00edcula em disciplinas do candidato, o aluno estar\u00e1 apto a frequentar as aulas imediatamente.<\/p>\n","protected":false},"excerpt":{"rendered":"<p>A Universidade Federal de Campina Grande (UFCG) divulgou o edital do Processo Seletivo de Vagas Remanescentes para ingresso no Per\u00edodo Letivo 2023.2. S\u00e3o oferecidas 552 vagas, entre ampla concorr\u00eancia e cotas, distribu\u00eddas em cursos dos campi Campina Grande, Cajazeiras, Cuit\u00e9, Patos e Pombal. Confira os cursos com vagas remanescentes. Campus Campina Grande ADMINISTRA\u00c7\u00c3O \u2013 Bacharelado &hellip;<\/p>\n","protected":false},"author":1,"featured_media":97670,"comment_status":"open","ping_status":"open","sticky":false,"template":"","format":"standard","meta":{"footnotes":""},"categories":[11],"tags":[],"class_list":["post-121441","post","type-post","status-publish","format-standard","has-post-thumbnail","hentry","category-educacao"],"_links":{"self":[{"href":"https:\/\/iparaiba.com.br\/index.php\/wp-json\/wp\/v2\/posts\/121441","targetHints":{"allow":["GET"]}}],"collection":[{"href":"https:\/\/iparaiba.com.br\/index.php\/wp-json\/wp\/v2\/posts"}],"about":[{"href":"https:\/\/iparaiba.com.br\/index.php\/wp-json\/wp\/v2\/types\/post"}],"author":[{"embeddable":true,"href":"https:\/\/iparaiba.com.br\/index.php\/wp-json\/wp\/v2\/users\/1"}],"replies":[{"embeddable":true,"href":"https:\/\/iparaiba.com.br\/index.php\/wp-json\/wp\/v2\/comments?post=121441"}],"version-history":[{"count":1,"href":"https:\/\/iparaiba.com.br\/index.php\/wp-json\/wp\/v2\/posts\/121441\/revisions"}],"predecessor-version":[{"id":121465,"href":"https:\/\/iparaiba.com.br\/index.php\/wp-json\/wp\/v2\/posts\/121441\/revisions\/121465"}],"wp:featuredmedia":[{"embeddable":true,"href":"https:\/\/iparaiba.com.br\/index.php\/wp-json\/wp\/v2\/media\/97670"}],"wp:attachment":[{"href":"https:\/\/iparaiba.com.br\/index.php\/wp-json\/wp\/v2\/media?parent=121441"}],"wp:term":[{"taxonomy":"category","embeddable":true,"href":"https:\/\/iparaiba.com.br\/index.php\/wp-json\/wp\/v2\/categories?post=121441"},{"taxonomy":"post_tag","embeddable":true,"href":"https:\/\/iparaiba.com.br\/index.php\/wp-json\/wp\/v2\/tags?post=121441"}],"curies":[{"name":"wp","href":"https:\/\/api.w.org\/{rel}","templated":true}]}}