{"id":121440,"date":"2024-02-20T10:19:22","date_gmt":"2024-02-20T13:19:22","guid":{"rendered":"https:\/\/onordeste.com.br\/?p=121422"},"modified":"2024-02-20T10:19:22","modified_gmt":"2024-02-20T13:19:22","slug":"dengue-joao-pessoa-inicia-vacinacao-em-criancas-e-adolescentes","status":"publish","type":"post","link":"https:\/\/iparaiba.com.br\/index.php\/2024\/02\/20\/dengue-joao-pessoa-inicia-vacinacao-em-criancas-e-adolescentes\/","title":{"rendered":"Dengue: Jo\u00e3o Pessoa inicia vacina\u00e7\u00e3o em crian\u00e7as e adolescentes"},"content":{"rendered":"<p>A Prefeitura de Jo\u00e3o Pessoa segue em constante monitoramento e alerta nos casos de doen\u00e7as causadas por arbovirores na capital paraibana. Aliado ao trabalho preventivo e de controle, come\u00e7a nesta segunda-feira (19), a vacina\u00e7\u00e3o contra dengue em toda rede municipal de sa\u00fade. Inicialmente, o p\u00fablico alvo que ser\u00e1 beneficiado com as doses do imunizante s\u00e3o crian\u00e7as e adolescentes na faixa et\u00e1ria de 10 a 14 anos.<\/p>\n<p>A vacina contra a dengue foi incorporada \u00e0 assist\u00eancia preventiva do Programa Nacional de Vacina\u00e7\u00e3o, do Sistema \u00danico de Sa\u00fade (SUS). A decis\u00e3o das faixas et\u00e1rias pr\u00e9-estabelecidas foi baseada nas taxas de hospitaliza\u00e7\u00e3o dos \u00faltimos cinco anos no Brasil. Na Para\u00edba, ficou definido que os munic\u00edpios da 1\u00aa Regi\u00e3o de Sa\u00fade seriam contemplados com as doses da vacina, o que inclui o munic\u00edpio de Jo\u00e3o Pessoa.<\/p>\n<p>\u201cAs doses encaminhadas para Jo\u00e3o Pessoa ser\u00e3o destinadas especialmente ao p\u00fablico-alvo de usu\u00e1rios residentes na Capital pessoense. Ao qual tamb\u00e9m alertamos da necessidade de completar esse esquema vacinal, composto de duas doses com intervalo de tr\u00eas meses. No momento da vacina, o respons\u00e1vel pela crian\u00e7a ou do adolescente assinar\u00e1 um termo de responsabilidade, ciente dos crit\u00e9rios apresentados para o recebimento da dose\u201d, destacou Fernando Virgolino, chefe da Se\u00e7\u00e3o de Imuniza\u00e7\u00e3o da capital.<\/p>\n<p>A dengue \u00e9 uma doen\u00e7a infecciosa febril aguda, transmitida pelo mosquito Aedes aegypti, que pode progredir para quadros graves e n\u00e3o existe, at\u00e9 o momento, um medicamento espec\u00edfico para tratamento. Dessa forma, o desenvolvimento de uma vacina segura e eficaz contra os quatro sorotipos virais da dengue (DENV-1, DENV-2, DENV-3 e DENV-4) \u00e9 um avan\u00e7o no campo da imuniza\u00e7\u00e3o e torna-se mais um passo necess\u00e1rio para ampliar as medidas integradas e efetivas para a preven\u00e7\u00e3o e controle da doen\u00e7a.<\/p>\n<p>O esquema vacinal recomendado corresponde \u00e0 administra\u00e7\u00e3o de duas doses, com intervalo de tr\u00eas meses entre as doses. Caso o usu\u00e1rio tenha contato com a doen\u00e7a antes da vacina \u00e9 recomendado aguardar seis meses para o in\u00edcio do esquema vacinal com a vacina dengue (atenuada). Caso a infec\u00e7\u00e3o ocorra ap\u00f3s o in\u00edcio do esquema, n\u00e3o h\u00e1 altera\u00e7\u00e3o no intervalo entre D1 e D2, desde que a D2 n\u00e3o seja realizada com o per\u00edodo inferior a 30 dias do in\u00edcio da doen\u00e7a.<\/p>\n<p><strong>Dados Epidemiol\u00f3gicos<\/strong><\/p>\n<p>De acordo com o Minist\u00e9rio da Sa\u00fade, o Brasil chegou \u00e0 marca de 532.921 casos prov\u00e1veis de dengue e 90 mortes pela doen\u00e7a desde janeiro deste ano. Outras 348 mortes est\u00e3o sendo investigadas. Ainda de acordo com a pasta, neste mesmo per\u00edodo em 2023 o pa\u00eds tinha um total de 128.842 casos de dengue. O n\u00famero atual \u00e9 313,6% maior do que o do ano passado.<\/p>\n<p>J\u00e1 em Jo\u00e3o Pessoa, de acordo com o monitoramento e acompanhamento da Vigil\u00e2ncia Epidemiol\u00f3gica, em 2023 foram 4.659 casos notificados de dengue e 4.154 confirmados de infec\u00e7\u00e3o pela doen\u00e7a. Nos dois primeiros meses de 2024 esse n\u00famero representa 554 de casos notificados e 211 confirmados.<\/p>\n<p><strong>Locais de vacina\u00e7\u00e3o nesta segunda-feira (19):<\/strong><\/p>\n<p><strong>Unidades de Sa\u00fade da Fam\u00edlia (USFs)<\/strong><br \/>\nHor\u00e1rio: 7h \u00e0s 11h e das 12h \u00e0s 16h (de segunda a sexta-feira)<br \/>\n*exce\u00e7\u00e3o: Alto do C\u00e9u II, Roger III, Cruz das Armas IV, Anayde Beiriz e Jardim Planalto<\/p>\n<p><strong>Policl\u00ednicas Municipais e Centro Municipal de Imuniza\u00e7\u00e3o<\/strong><br \/>\nHor\u00e1rio: 8h \u00e0s 16h (de segunda a sexta-feira)<\/p>\n<p><strong>Home Center Ferreira Costa<\/strong><br \/>\nHor\u00e1rio: 12h \u00e0s 21h (de segunda a sexta-feira)<br \/>\n8h \u00e0s 16h (s\u00e1bado)<\/p>\n<p><strong>Shopping Sul<\/strong><br \/>\nHor\u00e1rio: 12h \u00e0s 21h (de segunda a sexta-feira)<br \/>\n10h \u00e0s 16h (s\u00e1bado)<\/p>\n<p><strong>Shopping Tambi\u00e1<\/strong><br \/>\nHor\u00e1rio: 12h \u00e0s 20h (de segunda a sexta-feira)<br \/>\n9h \u00e0s 16h (s\u00e1bado)<\/p>\n<p><strong>Vacina\u00e7\u00e3o Domiciliar<\/strong><br \/>\nAgendamento: (83) 98645-7727 \u2013 (Apenas whatsapp)<br \/>\nHor\u00e1rio: 8h \u00e0s 16h (de segunda a sexta-feira)<\/p>\n","protected":false},"excerpt":{"rendered":"<p>A Prefeitura de Jo\u00e3o Pessoa segue em constante monitoramento e alerta nos casos de doen\u00e7as causadas por arbovirores na capital paraibana. Aliado ao trabalho preventivo e de controle, come\u00e7a nesta segunda-feira (19), a vacina\u00e7\u00e3o contra dengue em toda rede municipal de sa\u00fade. Inicialmente, o p\u00fablico alvo que ser\u00e1 beneficiado com as doses do imunizante s\u00e3o &hellip;<\/p>\n","protected":false},"author":1,"featured_media":97614,"comment_status":"open","ping_status":"open","sticky":false,"template":"","format":"standard","meta":{"footnotes":""},"categories":[2],"tags":[],"class_list":["post-121440","post","type-post","status-publish","format-standard","has-post-thumbnail","hentry","category-saude"],"_links":{"self":[{"href":"https:\/\/iparaiba.com.br\/index.php\/wp-json\/wp\/v2\/posts\/121440","targetHints":{"allow":["GET"]}}],"collection":[{"href":"https:\/\/iparaiba.com.br\/index.php\/wp-json\/wp\/v2\/posts"}],"about":[{"href":"https:\/\/iparaiba.com.br\/index.php\/wp-json\/wp\/v2\/types\/post"}],"author":[{"embeddable":true,"href":"https:\/\/iparaiba.com.br\/index.php\/wp-json\/wp\/v2\/users\/1"}],"replies":[{"embeddable":true,"href":"https:\/\/iparaiba.com.br\/index.php\/wp-json\/wp\/v2\/comments?post=121440"}],"version-history":[{"count":1,"href":"https:\/\/iparaiba.com.br\/index.php\/wp-json\/wp\/v2\/posts\/121440\/revisions"}],"predecessor-version":[{"id":121464,"href":"https:\/\/iparaiba.com.br\/index.php\/wp-json\/wp\/v2\/posts\/121440\/revisions\/121464"}],"wp:featuredmedia":[{"embeddable":true,"href":"https:\/\/iparaiba.com.br\/index.php\/wp-json\/wp\/v2\/media\/97614"}],"wp:attachment":[{"href":"https:\/\/iparaiba.com.br\/index.php\/wp-json\/wp\/v2\/media?parent=121440"}],"wp:term":[{"taxonomy":"category","embeddable":true,"href":"https:\/\/iparaiba.com.br\/index.php\/wp-json\/wp\/v2\/categories?post=121440"},{"taxonomy":"post_tag","embeddable":true,"href":"https:\/\/iparaiba.com.br\/index.php\/wp-json\/wp\/v2\/tags?post=121440"}],"curies":[{"name":"wp","href":"https:\/\/api.w.org\/{rel}","templated":true}]}}