{"id":121435,"date":"2024-02-19T14:06:40","date_gmt":"2024-02-19T17:06:40","guid":{"rendered":"https:\/\/onordeste.com.br\/?p=121410"},"modified":"2024-02-19T14:06:40","modified_gmt":"2024-02-19T17:06:40","slug":"tcu-recebe-documentos-do-stf-sobre-investigacao-de-suposta-apropriacao-indevida-de-recursos-de-acordo-de-leniencia-da-jf","status":"publish","type":"post","link":"https:\/\/iparaiba.com.br\/index.php\/2024\/02\/19\/tcu-recebe-documentos-do-stf-sobre-investigacao-de-suposta-apropriacao-indevida-de-recursos-de-acordo-de-leniencia-da-jf\/","title":{"rendered":"TCU recebe documentos do STF sobre investiga\u00e7\u00e3o de suposta apropria\u00e7\u00e3o indevida de recursos de acordo de leni\u00eancia da J&#038;F"},"content":{"rendered":"<p>O ministro do Supremo Tribunal Federal (STF) Dias Toffoli encaminhou ao Tribunal de Contas da Uni\u00e3o (TCU) c\u00f3pia de processo (Pet 12061\/DF) que investiga suposta apropria\u00e7\u00e3o indevida de recursos p\u00fablicos, no montante de R$ 2,3 bilh\u00f5es, oriundos do acordo de leni\u00eancia firmado entre o Minist\u00e9rio P\u00fablico Federal e a J&amp;F Investimentos S. A.<\/p>\n<p>Na sess\u00e3o plen\u00e1ria da Corte de Contas nesta quarta-feira (7\/2), o vice-presidente da Casa, ministro Vital do R\u00eago, no exerc\u00edcio da presid\u00eancia, informou que os documentos ser\u00e3o juntados para apura\u00e7\u00f5es cab\u00edveis ao processo TC 007.087\/2022-5.<\/p>\n<p>O processo, sob a relatoria do ministro Aroldo Cedraz, j\u00e1 analisa, no \u00e2mbito do TCU, os fatos e condutas apontados. As \u00faltimas respostas \u00e0s dilig\u00eancias chegaram ao Tribunal em dezembro de 2023.<\/p>\n<h3><a href=\"https:\/\/portal.tcu.gov.br\/data\/files\/DA\/12\/E6\/47\/5658D8103A4A64C8F18818A8\/GABPRES%20-%20Comunicacao%20-%20Decisao%20STF.pdf\"><strong>Confira a \u00edntegra da Comunica\u00e7\u00e3o da Presid\u00eancia do TCU<\/strong><\/a><\/h3>\n","protected":false},"excerpt":{"rendered":"<p>O ministro do Supremo Tribunal Federal (STF) Dias Toffoli encaminhou ao Tribunal de Contas da Uni\u00e3o (TCU) c\u00f3pia de processo (Pet 12061\/DF) que investiga suposta apropria\u00e7\u00e3o indevida de recursos p\u00fablicos, no montante de R$ 2,3 bilh\u00f5es, oriundos do acordo de leni\u00eancia firmado entre o Minist\u00e9rio P\u00fablico Federal e a J&amp;F Investimentos S. A. Na sess\u00e3o &hellip;<\/p>\n","protected":false},"author":1,"featured_media":98236,"comment_status":"open","ping_status":"open","sticky":false,"template":"","format":"standard","meta":{"footnotes":""},"categories":[9],"tags":[],"class_list":["post-121435","post","type-post","status-publish","format-standard","has-post-thumbnail","hentry","category-justica"],"_links":{"self":[{"href":"https:\/\/iparaiba.com.br\/index.php\/wp-json\/wp\/v2\/posts\/121435","targetHints":{"allow":["GET"]}}],"collection":[{"href":"https:\/\/iparaiba.com.br\/index.php\/wp-json\/wp\/v2\/posts"}],"about":[{"href":"https:\/\/iparaiba.com.br\/index.php\/wp-json\/wp\/v2\/types\/post"}],"author":[{"embeddable":true,"href":"https:\/\/iparaiba.com.br\/index.php\/wp-json\/wp\/v2\/users\/1"}],"replies":[{"embeddable":true,"href":"https:\/\/iparaiba.com.br\/index.php\/wp-json\/wp\/v2\/comments?post=121435"}],"version-history":[{"count":1,"href":"https:\/\/iparaiba.com.br\/index.php\/wp-json\/wp\/v2\/posts\/121435\/revisions"}],"predecessor-version":[{"id":121459,"href":"https:\/\/iparaiba.com.br\/index.php\/wp-json\/wp\/v2\/posts\/121435\/revisions\/121459"}],"wp:featuredmedia":[{"embeddable":true,"href":"https:\/\/iparaiba.com.br\/index.php\/wp-json\/wp\/v2\/media\/98236"}],"wp:attachment":[{"href":"https:\/\/iparaiba.com.br\/index.php\/wp-json\/wp\/v2\/media?parent=121435"}],"wp:term":[{"taxonomy":"category","embeddable":true,"href":"https:\/\/iparaiba.com.br\/index.php\/wp-json\/wp\/v2\/categories?post=121435"},{"taxonomy":"post_tag","embeddable":true,"href":"https:\/\/iparaiba.com.br\/index.php\/wp-json\/wp\/v2\/tags?post=121435"}],"curies":[{"name":"wp","href":"https:\/\/api.w.org\/{rel}","templated":true}]}}