{"id":121434,"date":"2024-02-19T12:05:28","date_gmt":"2024-02-19T15:05:28","guid":{"rendered":"https:\/\/onordeste.com.br\/?p=121408"},"modified":"2024-02-19T12:05:28","modified_gmt":"2024-02-19T15:05:28","slug":"parlamentar-critica-possibilidade-de-renovacao-da-isencao-de-iss","status":"publish","type":"post","link":"https:\/\/iparaiba.com.br\/index.php\/2024\/02\/19\/parlamentar-critica-possibilidade-de-renovacao-da-isencao-de-iss\/","title":{"rendered":"Parlamentar critica possibilidade de renova\u00e7\u00e3o da isen\u00e7\u00e3o de ISS"},"content":{"rendered":"<p>Diante da possibilidade de renova\u00e7\u00e3o da isen\u00e7\u00e3o de ISS para empresas de transporte coletivo, o vereador Carl\u00e3o (PL) se posicionou contr\u00e1rio, teceu cr\u00edticas e sugeriu que os colegas parlamentares refletissem antes da vota\u00e7\u00e3o: \u201cPenso que a Casa precisa refletir um pouco mais sobre isso\u201d.<\/p>\n<p>Segundo Carl\u00e3o, o acordo para concess\u00e3o da isen\u00e7\u00e3o em troca de \u00f4nibus com Wi-Fi, ar-condicionado e renova\u00e7\u00e3o da frota completa n\u00e3o foi cumprido. Ele reconheceu, no entanto, que parte da frota j\u00e1 come\u00e7ou a ser renovada.<\/p>\n<p>\u201cQue a gente fique muito alerta para o que vamos votar na pr\u00f3xima semana, porque eu j\u00e1 entendo que isen\u00e7\u00e3o de ISS para empresa que aumentou a passagem \u00e9 querer que ela ganhe tr\u00eas vezes. Ela ganha no aumento da passagem, ganha na isen\u00e7\u00e3o e ganha quando n\u00e3o cumpre o que foi acordado\u201d, afirmou.<\/p>\n<p>\u201cEspero que seja cumprido o que est\u00e1 no termo de acordo do termo de ISS. Ganharam a isen\u00e7\u00e3o, aumentaram a passagem e ainda n\u00e3o cumpriram o acordo\u201d, asseverou o parlamentar.<\/p>\n","protected":false},"excerpt":{"rendered":"<p>Diante da possibilidade de renova\u00e7\u00e3o da isen\u00e7\u00e3o de ISS para empresas de transporte coletivo, o vereador Carl\u00e3o (PL) se posicionou contr\u00e1rio, teceu cr\u00edticas e sugeriu que os colegas parlamentares refletissem antes da vota\u00e7\u00e3o: \u201cPenso que a Casa precisa refletir um pouco mais sobre isso\u201d. Segundo Carl\u00e3o, o acordo para concess\u00e3o da isen\u00e7\u00e3o em troca de &hellip;<\/p>\n","protected":false},"author":1,"featured_media":105099,"comment_status":"open","ping_status":"open","sticky":false,"template":"","format":"standard","meta":{"footnotes":""},"categories":[15],"tags":[],"class_list":["post-121434","post","type-post","status-publish","format-standard","has-post-thumbnail","hentry","category-links"],"_links":{"self":[{"href":"https:\/\/iparaiba.com.br\/index.php\/wp-json\/wp\/v2\/posts\/121434","targetHints":{"allow":["GET"]}}],"collection":[{"href":"https:\/\/iparaiba.com.br\/index.php\/wp-json\/wp\/v2\/posts"}],"about":[{"href":"https:\/\/iparaiba.com.br\/index.php\/wp-json\/wp\/v2\/types\/post"}],"author":[{"embeddable":true,"href":"https:\/\/iparaiba.com.br\/index.php\/wp-json\/wp\/v2\/users\/1"}],"replies":[{"embeddable":true,"href":"https:\/\/iparaiba.com.br\/index.php\/wp-json\/wp\/v2\/comments?post=121434"}],"version-history":[{"count":1,"href":"https:\/\/iparaiba.com.br\/index.php\/wp-json\/wp\/v2\/posts\/121434\/revisions"}],"predecessor-version":[{"id":121458,"href":"https:\/\/iparaiba.com.br\/index.php\/wp-json\/wp\/v2\/posts\/121434\/revisions\/121458"}],"wp:featuredmedia":[{"embeddable":true,"href":"https:\/\/iparaiba.com.br\/index.php\/wp-json\/wp\/v2\/media\/105099"}],"wp:attachment":[{"href":"https:\/\/iparaiba.com.br\/index.php\/wp-json\/wp\/v2\/media?parent=121434"}],"wp:term":[{"taxonomy":"category","embeddable":true,"href":"https:\/\/iparaiba.com.br\/index.php\/wp-json\/wp\/v2\/categories?post=121434"},{"taxonomy":"post_tag","embeddable":true,"href":"https:\/\/iparaiba.com.br\/index.php\/wp-json\/wp\/v2\/tags?post=121434"}],"curies":[{"name":"wp","href":"https:\/\/api.w.org\/{rel}","templated":true}]}}