{"id":121405,"date":"2024-02-14T08:00:22","date_gmt":"2024-02-14T11:00:22","guid":{"rendered":"https:\/\/onordeste.com.br\/?p=121287"},"modified":"2024-02-14T08:00:22","modified_gmt":"2024-02-14T11:00:22","slug":"policia-federal-cumpre-novos-mandados-judiciais-2","status":"publish","type":"post","link":"https:\/\/iparaiba.com.br\/index.php\/2024\/02\/14\/policia-federal-cumpre-novos-mandados-judiciais-2\/","title":{"rendered":"Pol\u00edcia Federal cumpre novos mandados judiciais"},"content":{"rendered":"<p><strong>Bras\u00edlia\/DF.<\/strong>\u00a0A Pol\u00edcia Federal cumpre, na manh\u00e3 desta segunda-feira (29\/1), novos mandados de busca e apreens\u00e3o em continuidade \u00e0 Opera\u00e7\u00e3o Vigil\u00e2ncia Aproximada, deflagrada na \u00faltima quinta-feira. O objetivo \u00e9 investigar organiza\u00e7\u00e3o criminosa que se instalou na Ag\u00eancia Brasileira de Intelig\u00eancia (Abin) com o intuito de monitorar ilegalmente autoridades p\u00fablicas e outras pessoas, utilizando-se de ferramentas de geolocaliza\u00e7\u00e3o de dispositivos m\u00f3veis sem a devida autoriza\u00e7\u00e3o judicial.<\/p>\n<p>Est\u00e3o sendo cumpridos nove mandados de busca e apreens\u00e3o em Angra dos Reis\/RJ (1), Rio de Janeiro\/RJ (5), Bras\u00edlia\/DF (1), Formosa\/GO (1) e Salvador\/BA (1).<\/p>\n<p>Nesta nova etapa, a Pol\u00edcia Federal busca avan\u00e7ar no n\u00facleo pol\u00edtico, identificando os principais destinat\u00e1rios e benefici\u00e1rios das informa\u00e7\u00f5es produzidas ilegalmente no \u00e2mbito da Abin, por meio de a\u00e7\u00f5es clandestinas. Nessas a\u00e7\u00f5es eram utilizadas t\u00e9cnicas de investiga\u00e7\u00e3o pr\u00f3prias das pol\u00edcias judici\u00e1rias, sem, contudo, qualquer controle judicial ou do Minist\u00e9rio P\u00fablico.<\/p>\n<p>Os investigados podem responder, na medida de suas responsabilidades, pelos crimes de invas\u00e3o de dispositivo inform\u00e1tico alheio, organiza\u00e7\u00e3o criminosa e intercepta\u00e7\u00e3o de comunica\u00e7\u00f5es telef\u00f4nicas, de inform\u00e1tica ou telem\u00e1tica sem autoriza\u00e7\u00e3o judicial ou com objetivos n\u00e3o autorizados em lei.<\/p>\n<p><em>Coordena\u00e7\u00e3o-Geral de Comunica\u00e7\u00e3o Social<\/em><\/p>\n","protected":false},"excerpt":{"rendered":"<p>Bras\u00edlia\/DF.\u00a0A Pol\u00edcia Federal cumpre, na manh\u00e3 desta segunda-feira (29\/1), novos mandados de busca e apreens\u00e3o em continuidade \u00e0 Opera\u00e7\u00e3o Vigil\u00e2ncia Aproximada, deflagrada na \u00faltima quinta-feira. O objetivo \u00e9 investigar organiza\u00e7\u00e3o criminosa que se instalou na Ag\u00eancia Brasileira de Intelig\u00eancia (Abin) com o intuito de monitorar ilegalmente autoridades p\u00fablicas e outras pessoas, utilizando-se de ferramentas de &hellip;<\/p>\n","protected":false},"author":1,"featured_media":110550,"comment_status":"open","ping_status":"open","sticky":false,"template":"","format":"standard","meta":{"footnotes":""},"categories":[13],"tags":[],"class_list":["post-121405","post","type-post","status-publish","format-standard","has-post-thumbnail","hentry","category-policial"],"_links":{"self":[{"href":"https:\/\/iparaiba.com.br\/index.php\/wp-json\/wp\/v2\/posts\/121405","targetHints":{"allow":["GET"]}}],"collection":[{"href":"https:\/\/iparaiba.com.br\/index.php\/wp-json\/wp\/v2\/posts"}],"about":[{"href":"https:\/\/iparaiba.com.br\/index.php\/wp-json\/wp\/v2\/types\/post"}],"author":[{"embeddable":true,"href":"https:\/\/iparaiba.com.br\/index.php\/wp-json\/wp\/v2\/users\/1"}],"replies":[{"embeddable":true,"href":"https:\/\/iparaiba.com.br\/index.php\/wp-json\/wp\/v2\/comments?post=121405"}],"version-history":[{"count":0,"href":"https:\/\/iparaiba.com.br\/index.php\/wp-json\/wp\/v2\/posts\/121405\/revisions"}],"wp:featuredmedia":[{"embeddable":true,"href":"https:\/\/iparaiba.com.br\/index.php\/wp-json\/"}],"wp:attachment":[{"href":"https:\/\/iparaiba.com.br\/index.php\/wp-json\/wp\/v2\/media?parent=121405"}],"wp:term":[{"taxonomy":"category","embeddable":true,"href":"https:\/\/iparaiba.com.br\/index.php\/wp-json\/wp\/v2\/categories?post=121405"},{"taxonomy":"post_tag","embeddable":true,"href":"https:\/\/iparaiba.com.br\/index.php\/wp-json\/wp\/v2\/tags?post=121405"}],"curies":[{"name":"wp","href":"https:\/\/api.w.org\/{rel}","templated":true}]}}