{"id":121401,"date":"2024-02-17T18:21:20","date_gmt":"2024-02-17T21:21:20","guid":{"rendered":"https:\/\/onordeste.com.br\/?p=121396"},"modified":"2024-02-17T18:21:20","modified_gmt":"2024-02-17T21:21:20","slug":"pf-prende-produtor-rural-por-manter-trabalhadores-em-condicao-analoga-a-de-escravo","status":"publish","type":"post","link":"https:\/\/iparaiba.com.br\/index.php\/2024\/02\/17\/pf-prende-produtor-rural-por-manter-trabalhadores-em-condicao-analoga-a-de-escravo\/","title":{"rendered":"PF prende produtor rural por manter trabalhadores em condi\u00e7\u00e3o an\u00e1loga a de escravo"},"content":{"rendered":"<p><strong>Caxias do Sul\/RS.<\/strong> A Pol\u00edcia Federal e o Minist\u00e9rio do Trabalho e Emprego (MTE) realizaram a\u00e7\u00e3o conjunta para repress\u00e3o ao trabalho escravo no munic\u00edpio de Farroupilha\/RS.<\/p>\n<p>As dilig\u00eancias iniciaram ap\u00f3s recebimento de den\u00fancia pela Pol\u00edcia Federal e resultaram no resgate de quatro trabalhadores brasileiros, sendo dois menores de idade (15 e 17 anos), e um de nacionalidade uruguaia. As v\u00edtimas estavam trancadas no alojamento de uma propriedade rural produtora de frutas. As informa\u00e7\u00f5es iniciais indicam que os trabalhadores eram submetidos a jornadas de 10 horas e atuavam na colheita de ma\u00e7\u00e3s.<\/p>\n<p>O produtor rural foi preso em flagrante pelo crime de redu\u00e7\u00e3o \u00e0 condi\u00e7\u00e3o an\u00e1loga a de escravo e ser\u00e1 encaminhado ao sistema penitenci\u00e1rio.<\/p>\n<p>Os trabalhadores resgatados foram ouvidos e ser\u00e3o assistidos pelo Minist\u00e9rio do Trabalho e Emprego.<\/p>\n<p><em>Comunica\u00e7\u00e3o Social da Pol\u00edcia Federal no Rio Grande do Sul<\/em><\/p>\n","protected":false},"excerpt":{"rendered":"<p>Caxias do Sul\/RS. A Pol\u00edcia Federal e o Minist\u00e9rio do Trabalho e Emprego (MTE) realizaram a\u00e7\u00e3o conjunta para repress\u00e3o ao trabalho escravo no munic\u00edpio de Farroupilha\/RS. As dilig\u00eancias iniciaram ap\u00f3s recebimento de den\u00fancia pela Pol\u00edcia Federal e resultaram no resgate de quatro trabalhadores brasileiros, sendo dois menores de idade (15 e 17 anos), e um &hellip;<\/p>\n","protected":false},"author":1,"featured_media":98035,"comment_status":"open","ping_status":"open","sticky":false,"template":"","format":"standard","meta":{"footnotes":""},"categories":[13],"tags":[],"class_list":["post-121401","post","type-post","status-publish","format-standard","has-post-thumbnail","hentry","category-policial"],"_links":{"self":[{"href":"https:\/\/iparaiba.com.br\/index.php\/wp-json\/wp\/v2\/posts\/121401","targetHints":{"allow":["GET"]}}],"collection":[{"href":"https:\/\/iparaiba.com.br\/index.php\/wp-json\/wp\/v2\/posts"}],"about":[{"href":"https:\/\/iparaiba.com.br\/index.php\/wp-json\/wp\/v2\/types\/post"}],"author":[{"embeddable":true,"href":"https:\/\/iparaiba.com.br\/index.php\/wp-json\/wp\/v2\/users\/1"}],"replies":[{"embeddable":true,"href":"https:\/\/iparaiba.com.br\/index.php\/wp-json\/wp\/v2\/comments?post=121401"}],"version-history":[{"count":1,"href":"https:\/\/iparaiba.com.br\/index.php\/wp-json\/wp\/v2\/posts\/121401\/revisions"}],"predecessor-version":[{"id":121432,"href":"https:\/\/iparaiba.com.br\/index.php\/wp-json\/wp\/v2\/posts\/121401\/revisions\/121432"}],"wp:featuredmedia":[{"embeddable":true,"href":"https:\/\/iparaiba.com.br\/index.php\/wp-json\/wp\/v2\/media\/98035"}],"wp:attachment":[{"href":"https:\/\/iparaiba.com.br\/index.php\/wp-json\/wp\/v2\/media?parent=121401"}],"wp:term":[{"taxonomy":"category","embeddable":true,"href":"https:\/\/iparaiba.com.br\/index.php\/wp-json\/wp\/v2\/categories?post=121401"},{"taxonomy":"post_tag","embeddable":true,"href":"https:\/\/iparaiba.com.br\/index.php\/wp-json\/wp\/v2\/tags?post=121401"}],"curies":[{"name":"wp","href":"https:\/\/api.w.org\/{rel}","templated":true}]}}