{"id":121400,"date":"2024-02-17T16:00:35","date_gmt":"2024-02-17T19:00:35","guid":{"rendered":"https:\/\/onordeste.com.br\/?p=121394"},"modified":"2024-02-17T16:00:35","modified_gmt":"2024-02-17T19:00:35","slug":"ia-pf-faz-operacao-para-apurar-crime-de-difamacao-eleitoral","status":"publish","type":"post","link":"https:\/\/iparaiba.com.br\/index.php\/2024\/02\/17\/ia-pf-faz-operacao-para-apurar-crime-de-difamacao-eleitoral\/","title":{"rendered":"IA: PF faz opera\u00e7\u00e3o para apurar crime de difama\u00e7\u00e3o eleitoral"},"content":{"rendered":"<p><strong>Manaus\/AM.<\/strong>\u00a0Nesta sexta-feira, 9\/2, a Pol\u00edcia Federal deflagra a Opera\u00e7\u00e3o Nirmata no estado de Amazonas. O objetivo \u00e9 identificar todos os autores envolvidos na cria\u00e7\u00e3o de difama\u00e7\u00e3o eleitoral do prefeito da cidade de Manaus com uso de intelig\u00eancia artificial.<\/p>\n<p>Est\u00e3o sendo cumpridos nove mandados de busca e apreens\u00e3o, tendo como alvos um designer, tr\u00eas empresas de publicidade, s\u00f3cios das empresas e dois compartilhadores da \u201cfake news\u201d.<\/p>\n<p>Foram apreendidas m\u00eddias computacionais, bem como os suspeitos intimados a depor na Superintend\u00eancia da Pol\u00edcia Federal.<\/p>\n<p>Acompanham as dilig\u00eancias, o Minist\u00e9rio P\u00fablico Eleitoral e a Ordem dos Advogados do Brasil.<\/p>\n<p><strong>Sobre o caso<\/strong><\/p>\n<p>Professores fizeram uma manifesta\u00e7\u00e3o em frente \u00e0 Prefeitura de Manaus, e um \u00e1udio foi divulgado no dia seguinte com grande repercuss\u00e3o, pois foram atribu\u00eddos ao prefeito insultos aos docentes.<\/p>\n<p>Naquela ocasi\u00e3o, foi iniciada investiga\u00e7\u00e3o, e a Pol\u00edcia Federal, de imediato, conseguiu provar tecnicamente que o material que circulou n\u00e3o era aut\u00eantico.<\/p>\n<p>E agora foi identificado o sistema usado, quem produziu o \u00e1udio, o local de produ\u00e7\u00e3o e uma ag\u00eancia de publicidade respons\u00e1vel pela divulga\u00e7\u00e3o e propaga\u00e7\u00e3o em plataformas digitais.<\/p>\n<p><strong>Comunica\u00e7\u00e3o Social da Pol\u00edcia Federal no Amazonas<\/strong><\/p>\n","protected":false},"excerpt":{"rendered":"<p>Manaus\/AM.\u00a0Nesta sexta-feira, 9\/2, a Pol\u00edcia Federal deflagra a Opera\u00e7\u00e3o Nirmata no estado de Amazonas. O objetivo \u00e9 identificar todos os autores envolvidos na cria\u00e7\u00e3o de difama\u00e7\u00e3o eleitoral do prefeito da cidade de Manaus com uso de intelig\u00eancia artificial. Est\u00e3o sendo cumpridos nove mandados de busca e apreens\u00e3o, tendo como alvos um designer, tr\u00eas empresas de &hellip;<\/p>\n","protected":false},"author":1,"featured_media":108842,"comment_status":"open","ping_status":"open","sticky":false,"template":"","format":"standard","meta":{"footnotes":""},"categories":[8],"tags":[],"class_list":["post-121400","post","type-post","status-publish","format-standard","has-post-thumbnail","hentry","category-politica"],"_links":{"self":[{"href":"https:\/\/iparaiba.com.br\/index.php\/wp-json\/wp\/v2\/posts\/121400","targetHints":{"allow":["GET"]}}],"collection":[{"href":"https:\/\/iparaiba.com.br\/index.php\/wp-json\/wp\/v2\/posts"}],"about":[{"href":"https:\/\/iparaiba.com.br\/index.php\/wp-json\/wp\/v2\/types\/post"}],"author":[{"embeddable":true,"href":"https:\/\/iparaiba.com.br\/index.php\/wp-json\/wp\/v2\/users\/1"}],"replies":[{"embeddable":true,"href":"https:\/\/iparaiba.com.br\/index.php\/wp-json\/wp\/v2\/comments?post=121400"}],"version-history":[{"count":1,"href":"https:\/\/iparaiba.com.br\/index.php\/wp-json\/wp\/v2\/posts\/121400\/revisions"}],"predecessor-version":[{"id":121431,"href":"https:\/\/iparaiba.com.br\/index.php\/wp-json\/wp\/v2\/posts\/121400\/revisions\/121431"}],"wp:featuredmedia":[{"embeddable":true,"href":"https:\/\/iparaiba.com.br\/index.php\/wp-json\/wp\/v2\/media\/108842"}],"wp:attachment":[{"href":"https:\/\/iparaiba.com.br\/index.php\/wp-json\/wp\/v2\/media?parent=121400"}],"wp:term":[{"taxonomy":"category","embeddable":true,"href":"https:\/\/iparaiba.com.br\/index.php\/wp-json\/wp\/v2\/categories?post=121400"},{"taxonomy":"post_tag","embeddable":true,"href":"https:\/\/iparaiba.com.br\/index.php\/wp-json\/wp\/v2\/tags?post=121400"}],"curies":[{"name":"wp","href":"https:\/\/api.w.org\/{rel}","templated":true}]}}