{"id":121395,"date":"2024-02-17T06:00:08","date_gmt":"2024-02-17T09:00:08","guid":{"rendered":"https:\/\/onordeste.com.br\/?p=121384"},"modified":"2024-02-17T06:00:08","modified_gmt":"2024-02-17T09:00:08","slug":"auxilio-gas-comeca-a-ser-pago","status":"publish","type":"post","link":"https:\/\/iparaiba.com.br\/index.php\/2024\/02\/17\/auxilio-gas-comeca-a-ser-pago\/","title":{"rendered":"Aux\u00edlio G\u00e1s come\u00e7a a ser pago"},"content":{"rendered":"<p>Os benefici\u00e1rios do Aux\u00edlio G\u00e1s come\u00e7am a receber o benef\u00edcio a partir desta sexta-feira (16\/2) e os dep\u00f3sitos feitos pelo Governo Federal seguem at\u00e9 29 de fevereiro, conforme o\u00a0calend\u00e1rio de pagamento do Bolsa Fam\u00edlia. Para este m\u00eas, ser\u00e1 paga a quantia de R$ 102 por fam\u00edlia. O valor, transferido com periodicidade bimestral, \u00e9 fixado conforme pre\u00e7o de refer\u00eancia divulgado pela Ag\u00eancia Nacional do Petr\u00f3leo, G\u00e1s Natural e Biocombust\u00edveis (ANP).<\/p>\n<p>Nas cidades onde a Defesa Civil reconheceu oficialmente situa\u00e7\u00e3o ou estado de emerg\u00eancia, o pagamento do Aux\u00edlio G\u00e1s tamb\u00e9m poder\u00e1 ser antecipado, conforme acontece com o Bolsa Fam\u00edlia.<\/p>\n<p>O Aux\u00edlio G\u00e1s foi criado pelo Governo Federal para apoiar a compra do botij\u00e3o de g\u00e1s para fam\u00edlias em situa\u00e7\u00e3o de vulnerabilidade de renda. O programa social foi institu\u00eddo pela Lei n\u00ba 14.237, de 19 de novembro de 2021 e regulamentado pelo Decreto n\u00ba 10.881, de 2 de dezembro de 2022.<\/p>\n<p>Confira abaixo o calend\u00e1rio de fevereiro. O NIS est\u00e1 impresso no cart\u00e3o do Programa Bolsa Fam\u00edlia.<\/p>\n<p><strong>Final do NIS\/Data<\/strong><br \/>\n1 &#8211; 16\/2<br \/>\n2 &#8211; 19\/2<br \/>\n3 &#8211; 20\/2<br \/>\n4 &#8211; 21\/2<br \/>\n5 &#8211; 22\/2<br \/>\n6 &#8211; 23\/2<br \/>\n7 &#8211; 26\/2<br \/>\n8 &#8211; 27\/2<br \/>\n9 &#8211; 28\/2<br \/>\n0 &#8211; 29\/2<\/p>\n<p><strong>Quem pode receber?<\/strong><br \/>\nO pagamento \u00e9 feito a cada dois meses para fam\u00edlias inscritas no Cadastro \u00danico (Cad\u00danico) com renda familiar mensal per capita menor ou igual a meio sal\u00e1rio-m\u00ednimo. As fam\u00edlias n\u00e3o inscritas no Cad\u00danico podem receber o aux\u00edlio quando possu\u00edrem, entre seus membros residentes no mesmo domic\u00edlio, benefici\u00e1rios do Benef\u00edcio de Presta\u00e7\u00e3o Continuada (BPC). Para recebimento do aux\u00edlio, \u00e9 necess\u00e1rio estar com os dados cadastrais atualizados.<\/p>\n<p>Os valores do Aux\u00edlio G\u00e1s n\u00e3o s\u00e3o computados no c\u00e1lculo do limite da renda familiar mensal. Isso significa que a inclus\u00e3o no Programa n\u00e3o prejudica o recebimento do Bolsa Fam\u00edlia.<\/p>\n","protected":false},"excerpt":{"rendered":"<p>Os benefici\u00e1rios do Aux\u00edlio G\u00e1s come\u00e7am a receber o benef\u00edcio a partir desta sexta-feira (16\/2) e os dep\u00f3sitos feitos pelo Governo Federal seguem at\u00e9 29 de fevereiro, conforme o\u00a0calend\u00e1rio de pagamento do Bolsa Fam\u00edlia. Para este m\u00eas, ser\u00e1 paga a quantia de R$ 102 por fam\u00edlia. O valor, transferido com periodicidade bimestral, \u00e9 fixado conforme &hellip;<\/p>\n","protected":false},"author":1,"featured_media":107165,"comment_status":"open","ping_status":"open","sticky":false,"template":"","format":"standard","meta":{"footnotes":""},"categories":[16],"tags":[],"class_list":["post-121395","post","type-post","status-publish","format-standard","has-post-thumbnail","hentry","category-economia"],"_links":{"self":[{"href":"https:\/\/iparaiba.com.br\/index.php\/wp-json\/wp\/v2\/posts\/121395","targetHints":{"allow":["GET"]}}],"collection":[{"href":"https:\/\/iparaiba.com.br\/index.php\/wp-json\/wp\/v2\/posts"}],"about":[{"href":"https:\/\/iparaiba.com.br\/index.php\/wp-json\/wp\/v2\/types\/post"}],"author":[{"embeddable":true,"href":"https:\/\/iparaiba.com.br\/index.php\/wp-json\/wp\/v2\/users\/1"}],"replies":[{"embeddable":true,"href":"https:\/\/iparaiba.com.br\/index.php\/wp-json\/wp\/v2\/comments?post=121395"}],"version-history":[{"count":1,"href":"https:\/\/iparaiba.com.br\/index.php\/wp-json\/wp\/v2\/posts\/121395\/revisions"}],"predecessor-version":[{"id":121426,"href":"https:\/\/iparaiba.com.br\/index.php\/wp-json\/wp\/v2\/posts\/121395\/revisions\/121426"}],"wp:featuredmedia":[{"embeddable":true,"href":"https:\/\/iparaiba.com.br\/index.php\/wp-json\/wp\/v2\/media\/107165"}],"wp:attachment":[{"href":"https:\/\/iparaiba.com.br\/index.php\/wp-json\/wp\/v2\/media?parent=121395"}],"wp:term":[{"taxonomy":"category","embeddable":true,"href":"https:\/\/iparaiba.com.br\/index.php\/wp-json\/wp\/v2\/categories?post=121395"},{"taxonomy":"post_tag","embeddable":true,"href":"https:\/\/iparaiba.com.br\/index.php\/wp-json\/wp\/v2\/tags?post=121395"}],"curies":[{"name":"wp","href":"https:\/\/api.w.org\/{rel}","templated":true}]}}