{"id":121392,"date":"2024-02-16T14:05:13","date_gmt":"2024-02-16T17:05:13","guid":{"rendered":"https:\/\/onordeste.com.br\/?p=121378"},"modified":"2024-02-16T14:05:13","modified_gmt":"2024-02-16T17:05:13","slug":"inss-confira-o-calendario-de-pagamentos-de-fevereiro","status":"publish","type":"post","link":"https:\/\/iparaiba.com.br\/index.php\/2024\/02\/16\/inss-confira-o-calendario-de-pagamentos-de-fevereiro\/","title":{"rendered":"INSS: confira o calend\u00e1rio de pagamentos de fevereiro"},"content":{"rendered":"<p>O Instituto Nacional do Seguro Social (INSS) j\u00e1 divulgou o calend\u00e1rio de pagamento dos aposentados, pensionistas e benefici\u00e1rios de aux\u00edlios referente ao m\u00eas de fevereiro de 2024. Os valores come\u00e7am a ser depositados no dia 23 deste m\u00eas para quem ganha at\u00e9 um sal\u00e1rio m\u00ednimo. J\u00e1 os benefici\u00e1rios que t\u00eam renda mensal superior recebem a partir de 1\u00ba de mar\u00e7o. Em ambos os casos, os pagamentos s\u00e3o depositados de acordo com o\u00a0n\u00famero do cart\u00e3o de benef\u00edcio at\u00e9 7 de mar\u00e7o.<\/p>\n<p>De acordo com o INSS, 39.378.167 pessoas que receber\u00e3o os dep\u00f3sitos. Do total, 27.349.843 recebem at\u00e9 um sal\u00e1rio m\u00ednimo e 12.028.324 ganham acima do piso nacional. Al\u00e9m disso, 33.379.120 s\u00e3o previdenci\u00e1rios e 5.657.745 recebem benef\u00edcio de natureza assistencial.<\/p>\n<p><em>Confira aqui todas as informa\u00e7\u00f5es sobre o pagamento do benef\u00edcio aos aposentados e pensionistas:<\/em><\/p>\n<p><strong>Como saber a data do pagamento?<\/strong><br \/>\nPara consultar a data de pagamento, consulte o \u00faltimo n\u00famero do cart\u00e3o de benef\u00edcio, desconsiderando o \u00faltimo d\u00edgito depois do tra\u00e7o. Para os benefici\u00e1rios que t\u00eam um hist\u00f3rico de recebimento do benef\u00edcio pelo INSS, a data de pagamento segue o mesmo padr\u00e3o estabelecido.<\/p>\n<p><strong>Calend\u00e1rio de pagamentos do INSS de fevereiro<\/strong><\/p>\n<p><em>At\u00e9 1 sal\u00e1rio m\u00ednimo:<\/em><\/p>\n<p>Final 1: 23 de fevereiro;<br \/>\nFinal 2: 26 de fevereiro;<br \/>\nFinal 3: 27 de fevereiro;<br \/>\nFinal 4: 28 de fevereiro;<br \/>\nFinal 5: 29 de fevereiro;<br \/>\nFinal 6: 1 de mar\u00e7o;<br \/>\nFinal 7: 4 de mar\u00e7o;<br \/>\nFinal 8: 5 de mar\u00e7o;<br \/>\nFinal 9: 6 de mar\u00e7o;<br \/>\nFinal 0: 7 de mar\u00e7o.<\/p>\n<p><em>Acima de 1 sal\u00e1rio m\u00ednimo:<\/em><\/p>\n<p>Finais 1 e 6: 1 de mar\u00e7o;<br \/>\nFinais 2 e 7: 4 de mar\u00e7o;<br \/>\nFinais 3 e 8: 5 de mar\u00e7o;<br \/>\nFinais 4 e 9: 6 de mar\u00e7o;<br \/>\nFinais 5 e 0: 7 de mar\u00e7o.<\/p>\n<p><strong>Quem receber\u00e1 o benef\u00edcio?<\/strong><br \/>\nAposentados por idade, pensionistas e pessoas que recebem algum tipo de benef\u00edcio do INSS. Os contemplados na categoria natureza assistencial s\u00e3o os que recebem o Benef\u00edcio de Presta\u00e7\u00e3o Continuada (BCP) por serem idosos ou pessoas com defici\u00eancia, ambos devem ter situa\u00e7\u00e3o comprovada de vulnerabilidade social. J\u00e1 os previdenci\u00e1rios s\u00e3o trabalhadores que contribu\u00edram para a Previd\u00eancia Social.<\/p>\n<p><strong>Como consultar o extrato do INSS?<\/strong><br \/>\nO extrato do INSS est\u00e1 dispon\u00edvel no aplicativo do INSS, dispon\u00edvel nos sistemas\u00a0<a href=\"https:\/\/play.google.com\/store\/apps\/details?id=br.gov.dataprev.meuinss&amp;hl=en_US&amp;pli=1\" data-linktype=\"external\" data-val=\"https:\/\/play.google.com\/store\/apps\/details?id=br.gov.dataprev.meuinss&amp;hl=en_US&amp;pli=1\">Android\u00a0<\/a>e\u00a0<a href=\"https:\/\/apps.apple.com\/br\/app\/meu-inss-central-de-servi%C3%A7os\/id1243048358\" data-linktype=\"external\" data-val=\"https:\/\/apps.apple.com\/br\/app\/meu-inss-central-de-servi%C3%A7os\/id1243048358\">iOS\u00a0<\/a>e do site\u00a0<a href=\"https:\/\/meu.inss.gov.br\/#\/login\" data-linktype=\"external\" data-val=\"https:\/\/meu.inss.gov.br\/#\/login\">Meu INSS<\/a>. Para entrar, \u00e9 preciso criar ou fazer login na conta Gov.br, que garante ao cidad\u00e3o o acesso aos servi\u00e7os do Governo Federal.<\/p>\n<p>Tanto no aplicativo, quanto no site, est\u00e3o dispon\u00edveis informa\u00e7\u00f5es como o extrato de pagamentos, valores recebidos, datas de pagamento, agendamento e reagendamento de per\u00edcias m\u00e9dicas e acesso a outros benef\u00edcios garantidos pelo Instituto.<\/p>\n<p>Para quem n\u00e3o tem acesso \u00e0 internet, basta ligar para a Central 135, informar o n\u00famero do CPF e confirmar algumas informa\u00e7\u00f5es cadastrais para evitar fraudes. O atendimento est\u00e1 dispon\u00edvel de segunda-feira a s\u00e1bado, das 7h \u00e0s 22h.<\/p>\n<p><em>\u00a0Ag\u00eancia Gov<\/em><\/p>\n","protected":false},"excerpt":{"rendered":"<p>O Instituto Nacional do Seguro Social (INSS) j\u00e1 divulgou o calend\u00e1rio de pagamento dos aposentados, pensionistas e benefici\u00e1rios de aux\u00edlios referente ao m\u00eas de fevereiro de 2024. Os valores come\u00e7am a ser depositados no dia 23 deste m\u00eas para quem ganha at\u00e9 um sal\u00e1rio m\u00ednimo. J\u00e1 os benefici\u00e1rios que t\u00eam renda mensal superior recebem a &hellip;<\/p>\n","protected":false},"author":1,"featured_media":98876,"comment_status":"open","ping_status":"open","sticky":false,"template":"","format":"standard","meta":{"footnotes":""},"categories":[16],"tags":[],"class_list":["post-121392","post","type-post","status-publish","format-standard","has-post-thumbnail","hentry","category-economia"],"_links":{"self":[{"href":"https:\/\/iparaiba.com.br\/index.php\/wp-json\/wp\/v2\/posts\/121392","targetHints":{"allow":["GET"]}}],"collection":[{"href":"https:\/\/iparaiba.com.br\/index.php\/wp-json\/wp\/v2\/posts"}],"about":[{"href":"https:\/\/iparaiba.com.br\/index.php\/wp-json\/wp\/v2\/types\/post"}],"author":[{"embeddable":true,"href":"https:\/\/iparaiba.com.br\/index.php\/wp-json\/wp\/v2\/users\/1"}],"replies":[{"embeddable":true,"href":"https:\/\/iparaiba.com.br\/index.php\/wp-json\/wp\/v2\/comments?post=121392"}],"version-history":[{"count":1,"href":"https:\/\/iparaiba.com.br\/index.php\/wp-json\/wp\/v2\/posts\/121392\/revisions"}],"predecessor-version":[{"id":121423,"href":"https:\/\/iparaiba.com.br\/index.php\/wp-json\/wp\/v2\/posts\/121392\/revisions\/121423"}],"wp:featuredmedia":[{"embeddable":true,"href":"https:\/\/iparaiba.com.br\/index.php\/wp-json\/wp\/v2\/media\/98876"}],"wp:attachment":[{"href":"https:\/\/iparaiba.com.br\/index.php\/wp-json\/wp\/v2\/media?parent=121392"}],"wp:term":[{"taxonomy":"category","embeddable":true,"href":"https:\/\/iparaiba.com.br\/index.php\/wp-json\/wp\/v2\/categories?post=121392"},{"taxonomy":"post_tag","embeddable":true,"href":"https:\/\/iparaiba.com.br\/index.php\/wp-json\/wp\/v2\/tags?post=121392"}],"curies":[{"name":"wp","href":"https:\/\/api.w.org\/{rel}","templated":true}]}}