{"id":121390,"date":"2024-02-16T10:01:27","date_gmt":"2024-02-16T13:01:27","guid":{"rendered":"https:\/\/onordeste.com.br\/?p=121374"},"modified":"2024-02-16T10:01:27","modified_gmt":"2024-02-16T13:01:27","slug":"cadastradas-mais-duas-obras-na-area-de-recursos-hidricos","status":"publish","type":"post","link":"https:\/\/iparaiba.com.br\/index.php\/2024\/02\/16\/cadastradas-mais-duas-obras-na-area-de-recursos-hidricos\/","title":{"rendered":"Cadastradas mais duas obras na \u00e1rea de recursos h\u00eddricos"},"content":{"rendered":"<p style=\"text-align: left;\" align=\"center\">\u00a0OGoverno da Para\u00edba vai cadastrar, at\u00e9 o final deste m\u00eas de fevereiro, mais duas importantes obras que fazem parte do Programa de Acelera\u00e7\u00e3o do Crescimento (Novo PAC), do Governo Federal. Trata-se da obra da Terceira Adutora do Sistema Integrado Campina Grande (adutora de \u00e1gua bruta) e da Adutora de \u00c1gua Tratada do Brejo. O Estado tamb\u00e9m foi contemplado com a obra do Sistema Adutor Cupissura, que j\u00e1 est\u00e1 contratada pela Cagepa. O investimento total \u00e9 de R$ 423 milh\u00f5es.<\/p>\n<p>A informa\u00e7\u00e3o \u00e9 do secret\u00e1rio de Estado da Infraestrutura e dos Recursos H\u00eddricos, Deusdete Queiroga, acrescentando que os projetos das duas obras est\u00e3o em fase de conclus\u00e3o pela Cagepa e ser\u00e3o cadastrados na plataforma do Minist\u00e9rio da Integra\u00e7\u00e3o e Desenvolvimento Regional (MIDR).<\/p>\n<p>A obra da Terceira Adutora do Sistema Integrado Campina Grande consiste na capta\u00e7\u00e3o de \u00e1gua do A\u00e7ude Epit\u00e1cio Pessoa, em Boqueir\u00e3o, para levar at\u00e9 a esta\u00e7\u00e3o de tratamento de Gravat\u00e1, que passar\u00e1 por obras de amplia\u00e7\u00e3o. O investimento \u00e9 da ordem de R$ 135 milh\u00f5es.<\/p>\n<p>J\u00e1 a Adutora de \u00c1gua Tratada do Brejo, vai levar \u00e1gua de Campina Grande para as cidades de Esperan\u00e7a, Rem\u00edgio e Arara, com investimentos no valor de R$ 103 milh\u00f5es.<\/p>\n<p>Com rela\u00e7\u00e3o \u00e0 obra do Sistema Adutor Cupissura, autorizada pelo governador Jo\u00e3o Azev\u00eado, em evento no dia 26 de dezembro de 2023, o secret\u00e1rio disse que a expectativa \u00e9 que ainda no m\u00eas de fevereiro seja publicada a licita\u00e7\u00e3o. \u201cA constru\u00e7\u00e3o da barragem de Cupissura e a conclus\u00e3o da adutora Translitor\u00e2nea 2\u00aa etapa s\u00e3o obras que representam investimentos de R$ 185 milh\u00f5es e ser\u00e3o fundamentais para garantir a seguran\u00e7a h\u00eddrica da Regi\u00e3o Metropolitana de Jo\u00e3o Pessoa, pelos pr\u00f3ximos 25 anos\u201d, destacou Deusdete. Ser\u00e3o beneficiados os munic\u00edpios de Jo\u00e3o Pessoa, Conde, Cabedelo, Bayeux, Alhandra, Caapor\u00e3 e Distrito de V\u00e1rzea Nova, em Santa Rita, beneficiando diretamente mais de 1,5 milh\u00e3o de pessoas.<\/p>\n","protected":false},"excerpt":{"rendered":"<p>\u00a0OGoverno da Para\u00edba vai cadastrar, at\u00e9 o final deste m\u00eas de fevereiro, mais duas importantes obras que fazem parte do Programa de Acelera\u00e7\u00e3o do Crescimento (Novo PAC), do Governo Federal. Trata-se da obra da Terceira Adutora do Sistema Integrado Campina Grande (adutora de \u00e1gua bruta) e da Adutora de \u00c1gua Tratada do Brejo. O Estado &hellip;<\/p>\n","protected":false},"author":1,"featured_media":101563,"comment_status":"open","ping_status":"open","sticky":false,"template":"","format":"standard","meta":{"footnotes":""},"categories":[3],"tags":[],"class_list":["post-121390","post","type-post","status-publish","format-standard","has-post-thumbnail","hentry","category-nordeste"],"_links":{"self":[{"href":"https:\/\/iparaiba.com.br\/index.php\/wp-json\/wp\/v2\/posts\/121390","targetHints":{"allow":["GET"]}}],"collection":[{"href":"https:\/\/iparaiba.com.br\/index.php\/wp-json\/wp\/v2\/posts"}],"about":[{"href":"https:\/\/iparaiba.com.br\/index.php\/wp-json\/wp\/v2\/types\/post"}],"author":[{"embeddable":true,"href":"https:\/\/iparaiba.com.br\/index.php\/wp-json\/wp\/v2\/users\/1"}],"replies":[{"embeddable":true,"href":"https:\/\/iparaiba.com.br\/index.php\/wp-json\/wp\/v2\/comments?post=121390"}],"version-history":[{"count":1,"href":"https:\/\/iparaiba.com.br\/index.php\/wp-json\/wp\/v2\/posts\/121390\/revisions"}],"predecessor-version":[{"id":121421,"href":"https:\/\/iparaiba.com.br\/index.php\/wp-json\/wp\/v2\/posts\/121390\/revisions\/121421"}],"wp:featuredmedia":[{"embeddable":true,"href":"https:\/\/iparaiba.com.br\/index.php\/wp-json\/wp\/v2\/media\/101563"}],"wp:attachment":[{"href":"https:\/\/iparaiba.com.br\/index.php\/wp-json\/wp\/v2\/media?parent=121390"}],"wp:term":[{"taxonomy":"category","embeddable":true,"href":"https:\/\/iparaiba.com.br\/index.php\/wp-json\/wp\/v2\/categories?post=121390"},{"taxonomy":"post_tag","embeddable":true,"href":"https:\/\/iparaiba.com.br\/index.php\/wp-json\/wp\/v2\/tags?post=121390"}],"curies":[{"name":"wp","href":"https:\/\/api.w.org\/{rel}","templated":true}]}}