{"id":121388,"date":"2024-02-16T06:00:08","date_gmt":"2024-02-16T09:00:08","guid":{"rendered":"https:\/\/onordeste.com.br\/?p=121369"},"modified":"2024-02-16T06:00:08","modified_gmt":"2024-02-16T09:00:08","slug":"pb-saude-governo-convoca-aprovados-no-concurso-publico","status":"publish","type":"post","link":"https:\/\/iparaiba.com.br\/index.php\/2024\/02\/16\/pb-saude-governo-convoca-aprovados-no-concurso-publico\/","title":{"rendered":"PB Sa\u00fade: Governo convoca aprovados no concurso p\u00fablico"},"content":{"rendered":"<p>O Governo da Para\u00edba, por meio da Funda\u00e7\u00e3o Paraibana de Gest\u00e3o em Sa\u00fade (PB Sa\u00fade), publicou, nesta quinta-feira (8), dois novos chamamentos de aprovados referentes ao Concurso P\u00fablico 001\/2021. As listas, est\u00e3o dispon\u00edveis no site da Funda\u00e7\u00e3o e na edi\u00e7\u00e3o do Di\u00e1rio Oficial do Estado da Para\u00edba (DOE-PB). Os trabalhadores devem ficar atentos ao prazo de envio dos documentos, que j\u00e1 est\u00e3o abertos, e seguem at\u00e9 18 de fevereiro, \u00e0s 23h59, para ambos os editais.<\/p>\n<p><a href=\"https:\/\/www.pbsaude.pb.gov.br\/ConcursosPublico\/29o-edital-de-convocacao_concurso.pdf\">29\u00ba Edital de Convoca\u00e7\u00e3o do concurso da PB Sa\u00fade<\/a><\/p>\n<p><a href=\"https:\/\/www.pbsaude.pb.gov.br\/ConcursosPublico\/Editais\/13o-edital-de-convocacao-da-lista-de-reclassificados-do-concurso-_pb-saude.pdf\">13\u00ba Edital de Convoca\u00e7\u00e3o da Lista de Reclassificados no concurso da PB Sa\u00fade<\/a><\/p>\n<p>No primeiro edital, foram convocados os aprovados para os cargos de Analista de Rede\/Sistemas\/Software, Assistente Administrativo, Assistente Social, Auxiliar Administrativo, Designer Gr\u00e1fico, Enfermeiro, Enfermeiro Auditor, Enfermeiro Obstetra, Farmac\u00eautico, Fisioterapeuta, Maqueiro, M\u00e9dico Hemoterapeuta\/Hematologista, M\u00e9dico Auditor, Nutricionista, Odontologista (Cirurgi\u00e3o Dentista), Psic\u00f3logo, T\u00e9cnico de Enfermagem, T\u00e9cnico em Seguran\u00e7a do Trabalho, T\u00e9cnico de Imobiliza\u00e7\u00e3o Ortop\u00e9dica, T\u00e9cnico em Radiologia, Motorista Administrativo, M\u00e9dico Cl\u00ednico Geral\/Hospitalista e M\u00e9dico. Esses profissionais devem enviar os documentos para admiss\u00e3o, por meio do formul\u00e1rio eletr\u00f4nico:\u00a0<a href=\"http:\/\/tinyurl.com\/29EDITALCONVOCACAOPBSAUDE\">http:\/\/tinyurl.com\/29EDITALCONVOCACAOPBSAUDE<\/a>.<\/p>\n<p>J\u00e1 no segundo edital, da lista de reclassifica\u00e7\u00e3o do concurso, foram convocados para os cargos de M\u00e9dico Obstetra\/Ginecologia, T\u00e9cnico em Radiologia e Auxiliar Administrativo. Esses convocados devem enviar os documentos da admiss\u00e3o, por meio do formul\u00e1rio eletr\u00f4nico dispon\u00edvel em:\u00a0\u00a0<a href=\"http:\/\/tinyurl.com\/PBSAUDE13EDITALRECLASSICADOS\">http:\/\/tinyurl.com\/PBSAUDE13EDITALRECLASSICADOS<\/a>.<\/p>\n<p>Com essas convoca\u00e7\u00f5es, a PB Sa\u00fade cumpre o compromisso de chamamento de todas vagas de contrata\u00e7\u00e3o imediata previstas no concurso 001\/2021, tendo zerado a lista de diversas fun\u00e7\u00f5es, conforme pontuou o diretor superintendente da Funda\u00e7\u00e3o, Ari Reis.<\/p>\n<p>Os convocados, conforme necessidade da Funda\u00e7\u00e3o, podem atuar em quaisquer uma das unidades gerenciadas pela PB Sa\u00fade, sendo elas o Hospital Metropolitano Dom Jos\u00e9 Maria Pires, em Santa Rita; o Hospital do Servidor General Edson Ramalho, em Jo\u00e3o Pessoa; e os servi\u00e7os de hemodin\u00e2mica do Hospital de Emerg\u00eancia e Trauma Dom Luiz Gonzaga Fernandes, em Campina Grande, e do Complexo Hospitalar Regional Deputado Janduhy Carneiro, em Patos.<\/p>\n<p>Em caso de d\u00favidas, h\u00e1 uma Central de Atendimento que funciona de segunda a sexta-feira, das 8h \u00e0s 16h30m, atrav\u00e9s do telefone (83) 3229-9103. No site da Funda\u00e7\u00e3o (https:\/\/www.pbsaude.pb.gov.br\/)\u2002est\u00e1 dispon\u00edvel a lista de admiss\u00e3o com a rela\u00e7\u00e3o dos documentos exigidos.<\/p>\n","protected":false},"excerpt":{"rendered":"<p>O Governo da Para\u00edba, por meio da Funda\u00e7\u00e3o Paraibana de Gest\u00e3o em Sa\u00fade (PB Sa\u00fade), publicou, nesta quinta-feira (8), dois novos chamamentos de aprovados referentes ao Concurso P\u00fablico 001\/2021. As listas, est\u00e3o dispon\u00edveis no site da Funda\u00e7\u00e3o e na edi\u00e7\u00e3o do Di\u00e1rio Oficial do Estado da Para\u00edba (DOE-PB). Os trabalhadores devem ficar atentos ao prazo &hellip;<\/p>\n","protected":false},"author":1,"featured_media":97673,"comment_status":"open","ping_status":"open","sticky":false,"template":"","format":"standard","meta":{"footnotes":""},"categories":[12],"tags":[],"class_list":["post-121388","post","type-post","status-publish","format-standard","has-post-thumbnail","hentry","category-emprego"],"_links":{"self":[{"href":"https:\/\/iparaiba.com.br\/index.php\/wp-json\/wp\/v2\/posts\/121388","targetHints":{"allow":["GET"]}}],"collection":[{"href":"https:\/\/iparaiba.com.br\/index.php\/wp-json\/wp\/v2\/posts"}],"about":[{"href":"https:\/\/iparaiba.com.br\/index.php\/wp-json\/wp\/v2\/types\/post"}],"author":[{"embeddable":true,"href":"https:\/\/iparaiba.com.br\/index.php\/wp-json\/wp\/v2\/users\/1"}],"replies":[{"embeddable":true,"href":"https:\/\/iparaiba.com.br\/index.php\/wp-json\/wp\/v2\/comments?post=121388"}],"version-history":[{"count":1,"href":"https:\/\/iparaiba.com.br\/index.php\/wp-json\/wp\/v2\/posts\/121388\/revisions"}],"predecessor-version":[{"id":121419,"href":"https:\/\/iparaiba.com.br\/index.php\/wp-json\/wp\/v2\/posts\/121388\/revisions\/121419"}],"wp:featuredmedia":[{"embeddable":true,"href":"https:\/\/iparaiba.com.br\/index.php\/wp-json\/wp\/v2\/media\/97673"}],"wp:attachment":[{"href":"https:\/\/iparaiba.com.br\/index.php\/wp-json\/wp\/v2\/media?parent=121388"}],"wp:term":[{"taxonomy":"category","embeddable":true,"href":"https:\/\/iparaiba.com.br\/index.php\/wp-json\/wp\/v2\/categories?post=121388"},{"taxonomy":"post_tag","embeddable":true,"href":"https:\/\/iparaiba.com.br\/index.php\/wp-json\/wp\/v2\/tags?post=121388"}],"curies":[{"name":"wp","href":"https:\/\/api.w.org\/{rel}","templated":true}]}}