{"id":121383,"date":"2024-02-15T10:00:51","date_gmt":"2024-02-15T13:00:51","guid":{"rendered":"https:\/\/onordeste.com.br\/?p=121358"},"modified":"2024-02-15T10:00:51","modified_gmt":"2024-02-15T13:00:51","slug":"ubs-padre-hachid-completa-2-anos-com-mais-de-7-mil-cidadaos-atendidos","status":"publish","type":"post","link":"https:\/\/iparaiba.com.br\/index.php\/2024\/02\/15\/ubs-padre-hachid-completa-2-anos-com-mais-de-7-mil-cidadaos-atendidos\/","title":{"rendered":"UBS Padre Hachid completa 2 anos com mais de 7 mil cidad\u00e3os atendidos"},"content":{"rendered":"<p style=\"font-weight: 400;\">A Unidade B\u00e1sica de Sa\u00fade Padre Hachid Ilo Beserra completa dois anos de sua inaugura\u00e7\u00e3o. A UBS, que tem duas equipes de Estrat\u00e9gia de Sa\u00fade da Fam\u00edlia, j\u00e1 atende a uma popula\u00e7\u00e3o referenciada de mais de 7 mil cidad\u00e3os, sendo quase quatro para cada equipe. Nesta semana do anivers\u00e1rio da unidade, as equipes est\u00e3o fazendo remapeamento da \u00e1rea de cobertura.<\/p>\n<p style=\"font-weight: 400;\">A UBS Padre Hachid fica no bairro Gl\u00f3ria Cunha Lima e abrange os bairros Gl\u00f3ria I, Gl\u00f3ria II, Jardim Am\u00e9rica e Jardim Europa, onde a popula\u00e7\u00e3o utiliza majoritariamente os servi\u00e7os do Sistema \u00danico de Sa\u00fade (SUS). As equipes atendem ainda nas \u00e2ncoras do S\u00edtio Marinho e da Feira Central de Campina Grande.<\/p>\n<p style=\"font-weight: 400;\">A unidade disp\u00f5e de consult\u00f3rios m\u00e9dicos, consult\u00f3rios de enfermagem, sala de imuniza\u00e7\u00e3o e sala de procedimentos. A unidade tamb\u00e9m disp\u00f5e de um consult\u00f3rio odontol\u00f3gico e o secret\u00e1rio de Sa\u00fade, Carlos Dunga J\u00fanior, anunciou que ser\u00e1 iniciado o atendimento odontol\u00f3gico da unidade em mar\u00e7o. \u201cEncaminharemos um dos dentistas convocados no concurso para a UBS Padre Hachid. \u00c9 o presente de anivers\u00e1rio para a comunidade\u201d, disse o secret\u00e1rio.<\/p>\n<p style=\"font-weight: 400;\">\u201cEu acho o atendimento muito bom. Sou bem atendida. J\u00e1 fiz consultas, exames, tomei as vacinas, sempre vou verificar minha press\u00e3o arterial\u201d, disse a dona de casa Ednalva. \u201cSempre que eu preciso, fa\u00e7o consulta l\u00e1. Eu j\u00e1 era atendida pelo posto antes desse novo. Eu j\u00e1 fui no oftalmologista, ginecologista e cl\u00ednico geral\u201d, disse a moradora S\u00edlvia.<\/p>\n","protected":false},"excerpt":{"rendered":"<p>A Unidade B\u00e1sica de Sa\u00fade Padre Hachid Ilo Beserra completa dois anos de sua inaugura\u00e7\u00e3o. A UBS, que tem duas equipes de Estrat\u00e9gia de Sa\u00fade da Fam\u00edlia, j\u00e1 atende a uma popula\u00e7\u00e3o referenciada de mais de 7 mil cidad\u00e3os, sendo quase quatro para cada equipe. Nesta semana do anivers\u00e1rio da unidade, as equipes est\u00e3o fazendo &hellip;<\/p>\n","protected":false},"author":1,"featured_media":106247,"comment_status":"open","ping_status":"open","sticky":false,"template":"","format":"standard","meta":{"footnotes":""},"categories":[2],"tags":[],"class_list":["post-121383","post","type-post","status-publish","format-standard","has-post-thumbnail","hentry","category-saude"],"_links":{"self":[{"href":"https:\/\/iparaiba.com.br\/index.php\/wp-json\/wp\/v2\/posts\/121383","targetHints":{"allow":["GET"]}}],"collection":[{"href":"https:\/\/iparaiba.com.br\/index.php\/wp-json\/wp\/v2\/posts"}],"about":[{"href":"https:\/\/iparaiba.com.br\/index.php\/wp-json\/wp\/v2\/types\/post"}],"author":[{"embeddable":true,"href":"https:\/\/iparaiba.com.br\/index.php\/wp-json\/wp\/v2\/users\/1"}],"replies":[{"embeddable":true,"href":"https:\/\/iparaiba.com.br\/index.php\/wp-json\/wp\/v2\/comments?post=121383"}],"version-history":[{"count":1,"href":"https:\/\/iparaiba.com.br\/index.php\/wp-json\/wp\/v2\/posts\/121383\/revisions"}],"predecessor-version":[{"id":121414,"href":"https:\/\/iparaiba.com.br\/index.php\/wp-json\/wp\/v2\/posts\/121383\/revisions\/121414"}],"wp:featuredmedia":[{"embeddable":true,"href":"https:\/\/iparaiba.com.br\/index.php\/wp-json\/wp\/v2\/media\/106247"}],"wp:attachment":[{"href":"https:\/\/iparaiba.com.br\/index.php\/wp-json\/wp\/v2\/media?parent=121383"}],"wp:term":[{"taxonomy":"category","embeddable":true,"href":"https:\/\/iparaiba.com.br\/index.php\/wp-json\/wp\/v2\/categories?post=121383"},{"taxonomy":"post_tag","embeddable":true,"href":"https:\/\/iparaiba.com.br\/index.php\/wp-json\/wp\/v2\/tags?post=121383"}],"curies":[{"name":"wp","href":"https:\/\/api.w.org\/{rel}","templated":true}]}}