{"id":121382,"date":"2024-02-15T08:00:36","date_gmt":"2024-02-15T11:00:36","guid":{"rendered":"https:\/\/onordeste.com.br\/?p=121356"},"modified":"2024-02-15T08:00:36","modified_gmt":"2024-02-15T11:00:36","slug":"ama-amigos-do-autista-participa-de-formacao-para-servidores","status":"publish","type":"post","link":"https:\/\/iparaiba.com.br\/index.php\/2024\/02\/15\/ama-amigos-do-autista-participa-de-formacao-para-servidores\/","title":{"rendered":"AMA  &#8211; Amigos do Autista participa de forma\u00e7\u00e3o para servidores"},"content":{"rendered":"<p style=\"font-weight: 400;\">O Instituto Brenda Pinheiro \u2013 IBP, atrav\u00e9s do Projeto AMA \u2013 Amigos do Autista de Campina Grande participou esta semana de uma Roda de Conversa no Centro de Refer\u00eancia da Assist\u00eancia Social \u2013 CRAS Bodocong\u00f3, dentro da programa\u00e7\u00e3o de uma Forma\u00e7\u00e3o Continuada promovida pela Prefeitura de Campina Grande \u2013 PMCG. O IBP-AMA esteve presente com a participa\u00e7\u00e3o da presidente do instituto, V\u00e2nia Pinheiro, e da Pedagoga Cristine Falc\u00e3o.<\/p>\n<p style=\"font-weight: 400;\">\n<p style=\"font-weight: 400;\">O objetivo da Roda de Conversa foi disseminar informa\u00e7\u00f5es dobre o Transtorno do Espectro Autista \u2013 TEA e as terapias com efic\u00e1cia cient\u00edfica comprovada, que s\u00e3o aplicadas no IBP-AMA, como forma de capacita\u00e7\u00e3o aos profissionais, estimulando-os a sempre estar atentos a informa\u00e7\u00f5es sobre o autismo, aplicando os conhecimentos adquiridos na rotina dos equipamentos em que atuam na estrutura da PMCG.<\/p>\n<p style=\"font-weight: 400;\">\n<p style=\"font-weight: 400;\">A forma\u00e7\u00e3o foi destinada a coordenadores e membros dos CRAS que tem servi\u00e7o de conviv\u00eancia e fortalecimento de v\u00ednculos, dentre eles, psic\u00f3logos, assistentes sociais, monitores, volantes e oficineiros, incluindo professores de dan\u00e7a, m\u00fasica, educa\u00e7\u00e3o f\u00edsica, dentre outros, que trabalham com crian\u00e7as e adolescentes de 06 a 18 anos, atendidos nos cinco CRAS da Prefeitura de Campina Grande que disp\u00f5em de servi\u00e7os de conviv\u00eancia e fortalecimento de v\u00ednculos.<\/p>\n<p style=\"font-weight: 400;\">\n<p style=\"font-weight: 400;\">Todos estes servi\u00e7os s\u00e3o articulados e monitorados pela Ger\u00eancia da Crian\u00e7a e do Adolescente da Secretaria Municipal de Assist\u00eancia Social \u2013 SEMAS. Al\u00e9m de V\u00e2nia Pinheiro e Cristine Falc\u00e3o, tamb\u00e9m ofereceram a forma\u00e7\u00e3o Rouseane Andrade, Gerente da Crian\u00e7a e do Adolescente de Campina Grande; e K\u00e1tia Nara Carvalho, Supervisora do Servi\u00e7o de Conviv\u00eancia e Fortalecimento de V\u00ednculos.<\/p>\n<p style=\"font-weight: 400;\">\n<p style=\"font-weight: 400;\">\u201cO IBP-AMA, como projeto pioneiro em Campina Grande e regi\u00e3o no tratamento de pessoas com autismo, tem cumprido o seu papel social de v\u00e1rias maneiras; e a partir da parceira com a Prefeitura de Campina Grande, sobretudo na capacita\u00e7\u00e3o dos profissionais junto \u00e0 Secretaria de Educa\u00e7\u00e3o e, agora tamb\u00e9m, na Assist\u00eancia Social, n\u00f3s conseguimos ampliar cada vez mais a conscientiza\u00e7\u00e3o sobre a conviv\u00eancia e inclus\u00e3o dos autistas em nossa sociedade\u201d, afirmou a presidente V\u00e2nia Pinheiro.<\/p>\n<p style=\"font-weight: 400;\">\n<p style=\"font-weight: 400;\"><strong>O IBP-AMA<\/strong><\/p>\n<p style=\"font-weight: 400;\">\n<p style=\"font-weight: 400;\">Quem quiser conhecer melhor o trabalho realizado pelo IBP \u2013 AMA poder\u00e1 agendar uma visita. A entidade fica na Rua Jos\u00e9 do \u00d3, 169, no bairro do Alto Branco, em Campina Grande. O telefone para contato, informa\u00e7\u00f5es e agendamento \u00e9 o (83) 3066-3001. Visite o Instagram do IBP-AMA (@institutobp).<\/p>\n<p style=\"font-weight: 400;\">\n<p style=\"font-weight: 400;\">O IBP-AMA atende a clientes privados, atrav\u00e9s de conv\u00eanios com os planos Unimed, Bradesco, Sul-Am\u00e9rica e Fusex, al\u00e9m de contar com o seu projeto social.<\/p>\n<p style=\"font-weight: 400;\"><strong>Instituto Benda Pinheiro \u2013 IBP<\/strong><\/p>\n<p style=\"font-weight: 400;\"><strong>Projeto AMA \u2013 Amigos do Autista de Campina Grande<\/strong><\/p>\n<p style=\"font-weight: 400;\"><strong>Rua Jos\u00e9 do \u00d3, 169, Alto Branco \u2013 Campina Grande-PB<\/strong><\/p>\n<p style=\"font-weight: 400;\"><strong>Telefone: (83) 3066-3001<\/strong><\/p>\n<p style=\"font-weight: 400;\"><strong>Whatsapp: (83) 98102-9902<\/strong><\/p>\n<p style=\"font-weight: 400;\"><strong>Instagram: @institutobp<\/strong><\/p>\n","protected":false},"excerpt":{"rendered":"<p>O Instituto Brenda Pinheiro \u2013 IBP, atrav\u00e9s do Projeto AMA \u2013 Amigos do Autista de Campina Grande participou esta semana de uma Roda de Conversa no Centro de Refer\u00eancia da Assist\u00eancia Social \u2013 CRAS Bodocong\u00f3, dentro da programa\u00e7\u00e3o de uma Forma\u00e7\u00e3o Continuada promovida pela Prefeitura de Campina Grande \u2013 PMCG. O IBP-AMA esteve presente com &hellip;<\/p>\n","protected":false},"author":1,"featured_media":109440,"comment_status":"open","ping_status":"open","sticky":false,"template":"","format":"standard","meta":{"footnotes":""},"categories":[7],"tags":[],"class_list":["post-121382","post","type-post","status-publish","format-standard","has-post-thumbnail","hentry","category-diversas"],"_links":{"self":[{"href":"https:\/\/iparaiba.com.br\/index.php\/wp-json\/wp\/v2\/posts\/121382","targetHints":{"allow":["GET"]}}],"collection":[{"href":"https:\/\/iparaiba.com.br\/index.php\/wp-json\/wp\/v2\/posts"}],"about":[{"href":"https:\/\/iparaiba.com.br\/index.php\/wp-json\/wp\/v2\/types\/post"}],"author":[{"embeddable":true,"href":"https:\/\/iparaiba.com.br\/index.php\/wp-json\/wp\/v2\/users\/1"}],"replies":[{"embeddable":true,"href":"https:\/\/iparaiba.com.br\/index.php\/wp-json\/wp\/v2\/comments?post=121382"}],"version-history":[{"count":1,"href":"https:\/\/iparaiba.com.br\/index.php\/wp-json\/wp\/v2\/posts\/121382\/revisions"}],"predecessor-version":[{"id":121412,"href":"https:\/\/iparaiba.com.br\/index.php\/wp-json\/wp\/v2\/posts\/121382\/revisions\/121412"}],"wp:featuredmedia":[{"embeddable":true,"href":"https:\/\/iparaiba.com.br\/index.php\/wp-json\/wp\/v2\/media\/109440"}],"wp:attachment":[{"href":"https:\/\/iparaiba.com.br\/index.php\/wp-json\/wp\/v2\/media?parent=121382"}],"wp:term":[{"taxonomy":"category","embeddable":true,"href":"https:\/\/iparaiba.com.br\/index.php\/wp-json\/wp\/v2\/categories?post=121382"},{"taxonomy":"post_tag","embeddable":true,"href":"https:\/\/iparaiba.com.br\/index.php\/wp-json\/wp\/v2\/tags?post=121382"}],"curies":[{"name":"wp","href":"https:\/\/api.w.org\/{rel}","templated":true}]}}