{"id":121381,"date":"2024-02-15T08:04:28","date_gmt":"2024-02-15T11:04:28","guid":{"rendered":"https:\/\/onordeste.com.br\/?p=121354"},"modified":"2024-02-15T08:04:28","modified_gmt":"2024-02-15T11:04:28","slug":"gestao-do-patrimonio-imobiliario-federal-gerido-pela-spu-e-ineficiente-diz-tcu","status":"publish","type":"post","link":"https:\/\/iparaiba.com.br\/index.php\/2024\/02\/15\/gestao-do-patrimonio-imobiliario-federal-gerido-pela-spu-e-ineficiente-diz-tcu\/","title":{"rendered":"Gest\u00e3o do patrim\u00f4nio imobili\u00e1rio federal gerido pela SPU \u00e9 ineficiente, diz TCU"},"content":{"rendered":"<div id=\"edCorpo\" class=\"noticia__detalhe_corpo\">\n<p>O Tribunal de Contas da Uni\u00e3o (TCU), em levantamento realizado na Secretaria de Patrim\u00f4nio P\u00fablico (SPU), sob relatoria do ministro Jhonatan de Jesus, identificou que, apesar de gerir elevado volume de recursos, a\u00a0<strong>estrutura do \u00f3rg\u00e3o n\u00e3o \u00e9 robusta o suficiente\u00a0<\/strong>para viabilizar a boa gest\u00e3o do patrim\u00f4nio imobili\u00e1rio federal.\u00a0<strong>A SPU \u00e9 respons\u00e1vel pela gest\u00e3o de cerca de 742 mil im\u00f3veis, avaliados em, aproximadamente, R$ 1,35 trilh\u00e3o.<\/strong><\/p>\n<p>\u201cDe acordo com a Lista de Alto Risco na Administra\u00e7\u00e3o P\u00fablica Federal do TCU, a gest\u00e3o \u00e9 realizada de forma ineficiente. Nesse contexto, as a\u00e7\u00f5es para mitigar esses riscos associados \u00e0 administra\u00e7\u00e3o desses ativos t\u00eam potencial de gerar ganhos significativos \u00e0 Uni\u00e3o e de preservar o patrim\u00f4nio de forma sustent\u00e1vel\u201d, explicou o ministro Jhonatan de Jesus.<\/p>\n<p>Outro ponto do relat\u00f3rio s\u00e3o as\u00a0<strong>defici\u00eancias dos sistemas de informa\u00e7\u00e3o da SPU<\/strong>. Em 2015, a Secretaria iniciou o desenvolvimento da\u00a0<strong>plataforma SPUNet<\/strong>, criada para mitigar riscos associados \u00e0 falta de inova\u00e7\u00e3o tecnol\u00f3gica e \u00e0 baixa qualidade dos dados. Por\u00e9m, at\u00e9 2023 apenas tr\u00eas dos dez m\u00f3dulos previstos estavam em produ\u00e7\u00e3o.<\/p>\n<p>O projeto envolveu, at\u00e9 o momento do levantamento, investimento de cerca de R$ 11 milh\u00f5es. No entanto,\u00a0<strong>n\u00e3o h\u00e1 documento consolidado que abranja todos os gastos efetuados<\/strong>, o que indica, de acordo com a Corte de Contas, a necessidade de an\u00e1lises mais aprofundadas para estimar os valores gastos com maior precis\u00e3o.<\/p>\n<p>O TCU apontou, ent\u00e3o, oportunidades para otimizar a destina\u00e7\u00e3o dos bens da Uni\u00e3o geridos pela SPU, como por exemplo, a\u00a0<strong>rentabiliza\u00e7\u00e3o de 2.487 im\u00f3veis vagos e 342 invadidos, al\u00e9m da reavalia\u00e7\u00e3o do patrim\u00f4nio imobili\u00e1rio<\/strong>. O Tribunal tamb\u00e9m indicou a\u00a0<strong>necessidade do fortalecimento da governan\u00e7a institucional e da completa implementa\u00e7\u00e3o do novo sistema de informa\u00e7\u00e3o<\/strong>\u00a0para gest\u00e3o do patrim\u00f4nio.<\/p>\n<h3><strong>Falta de servidores de carreira<\/strong><\/h3>\n<p>O levantamento tamb\u00e9m mostrou que, apesar de os processos do trabalho realizado pela SPU demandarem profissionais com conhecimento espec\u00edfico, a secretaria n\u00e3o possui carreira pr\u00f3pria. Boa parte das equipes de trabalho \u00e9 composta por servidores cedidos de outros \u00f3rg\u00e3os, o que causa alta rotatividade no quadro de pessoal e eleva a vulnerabilidade da gest\u00e3o imobili\u00e1ria federal.<\/p>\n<p>Al\u00e9m disso, apesar de haver esfor\u00e7o para promover transpar\u00eancia e presta\u00e7\u00e3o de contas por parte da SPU, o acesso \u00e0s informa\u00e7\u00f5es n\u00e3o \u00e9 intuitivo e h\u00e1 dados desatualizados publicados no portal institucional.<\/p>\n<p>O ministro Vital do R\u00eago, vice-presidente do TCU que presidiu a sess\u00e3o, sugeriu que o\u00a0<strong>Tribunal realize monitoramento anual para que seja avaliada a evolu\u00e7\u00e3o do quadro atual da SPU<\/strong>. A sugest\u00e3o foi acatada pelo relator.<\/p>\n<\/div>\n<div id=\"edCorpoServico\" class=\"noticia__detalhe_corpo\">\n<p><strong>_____________________________________________<\/strong><\/p>\n<p><strong>SERVI\u00c7O<\/strong><\/p>\n<p>Leia a \u00edntegra da decis\u00e3o:\u00a0\u00a0<a href=\"https:\/\/pesquisa.apps.tcu.gov.br\/redireciona\/acordao-completo\/ACORDAO-COMPLETO-2637572\">Ac\u00f3rd\u00e3o 160\/2024-Plen\u00e1rio<\/a><\/p>\n<p>Processo: TC 021.510\/2023-7<\/p>\n<\/div>\n","protected":false},"excerpt":{"rendered":"<p>O Tribunal de Contas da Uni\u00e3o (TCU), em levantamento realizado na Secretaria de Patrim\u00f4nio P\u00fablico (SPU), sob relatoria do ministro Jhonatan de Jesus, identificou que, apesar de gerir elevado volume de recursos, a\u00a0estrutura do \u00f3rg\u00e3o n\u00e3o \u00e9 robusta o suficiente\u00a0para viabilizar a boa gest\u00e3o do patrim\u00f4nio imobili\u00e1rio federal.\u00a0A SPU \u00e9 respons\u00e1vel pela gest\u00e3o de cerca &hellip;<\/p>\n","protected":false},"author":1,"featured_media":110692,"comment_status":"open","ping_status":"open","sticky":false,"template":"","format":"standard","meta":{"footnotes":""},"categories":[6],"tags":[],"class_list":["post-121381","post","type-post","status-publish","format-standard","has-post-thumbnail","hentry","category-destaques"],"_links":{"self":[{"href":"https:\/\/iparaiba.com.br\/index.php\/wp-json\/wp\/v2\/posts\/121381","targetHints":{"allow":["GET"]}}],"collection":[{"href":"https:\/\/iparaiba.com.br\/index.php\/wp-json\/wp\/v2\/posts"}],"about":[{"href":"https:\/\/iparaiba.com.br\/index.php\/wp-json\/wp\/v2\/types\/post"}],"author":[{"embeddable":true,"href":"https:\/\/iparaiba.com.br\/index.php\/wp-json\/wp\/v2\/users\/1"}],"replies":[{"embeddable":true,"href":"https:\/\/iparaiba.com.br\/index.php\/wp-json\/wp\/v2\/comments?post=121381"}],"version-history":[{"count":1,"href":"https:\/\/iparaiba.com.br\/index.php\/wp-json\/wp\/v2\/posts\/121381\/revisions"}],"predecessor-version":[{"id":121413,"href":"https:\/\/iparaiba.com.br\/index.php\/wp-json\/wp\/v2\/posts\/121381\/revisions\/121413"}],"wp:featuredmedia":[{"embeddable":true,"href":"https:\/\/iparaiba.com.br\/index.php\/wp-json\/wp\/v2\/media\/110692"}],"wp:attachment":[{"href":"https:\/\/iparaiba.com.br\/index.php\/wp-json\/wp\/v2\/media?parent=121381"}],"wp:term":[{"taxonomy":"category","embeddable":true,"href":"https:\/\/iparaiba.com.br\/index.php\/wp-json\/wp\/v2\/categories?post=121381"},{"taxonomy":"post_tag","embeddable":true,"href":"https:\/\/iparaiba.com.br\/index.php\/wp-json\/wp\/v2\/tags?post=121381"}],"curies":[{"name":"wp","href":"https:\/\/api.w.org\/{rel}","templated":true}]}}