{"id":121378,"date":"2024-02-14T14:00:21","date_gmt":"2024-02-14T17:00:21","guid":{"rendered":"https:\/\/onordeste.com.br\/?p=121247"},"modified":"2024-02-14T14:00:21","modified_gmt":"2024-02-14T17:00:21","slug":"policia-civil-realiza-operacao-interestadual-e-cumpre-12-mandados-judiciais-2","status":"publish","type":"post","link":"https:\/\/iparaiba.com.br\/index.php\/2024\/02\/14\/policia-civil-realiza-operacao-interestadual-e-cumpre-12-mandados-judiciais-2\/","title":{"rendered":"Pol\u00edcia Civil realiza opera\u00e7\u00e3o interestadual e cumpre 12 mandados judiciais"},"content":{"rendered":"<p style=\"font-weight: 400;\">A Pol\u00edcia Civil da Para\u00edba, por meio da Delegacia de Crimes Cibern\u00e9ticos (DECC) e a Delegacia de Repress\u00e3o ao Crime Organizado (DRACO), coordenou na manh\u00e3 desta ter\u00e7a-feira, 23 de janeiro, a Opera\u00e7\u00e3o Inf\u00e2ncia Destru\u00edda. As investiga\u00e7\u00f5es alcan\u00e7aram alvos em cinco estados, resultando em 12 mandados judiciais cumpridos.<\/p>\n<p style=\"font-weight: 400;\">As pessoas investigadas s\u00e3o dos estados de S\u00e3o Paulo, Rio de Janeiro, Santa Catarina, Piau\u00ed e Para\u00edba. A a\u00e7\u00e3o contou com o apoio das pol\u00edcias civis nos demais estados. De acordo com o trabalho investigativo da DECC, a v\u00edtima \u00e9 uma menina que tinha 11 anos \u00e0 \u00e9poca do crime (em 2022). A m\u00e3e e a av\u00f3 da crian\u00e7a produziam fotos e v\u00eddeos pornogr\u00e1ficos da menina e comercializavam o material com compradores de outros estados.<\/p>\n<p style=\"font-weight: 400;\">A Pol\u00edcia Civil recebeu a den\u00fancia do fato, iniciou as investiga\u00e7\u00f5es e conseguiu, na justi\u00e7a, os mandados de pris\u00e3o e de busca e apreens\u00e3o nos cinco estados. \u201cForam seis mandados de pris\u00e3o preventiva e seis de busca e apreens\u00e3o\u201d, disse o delegado Jo\u00e3o Ricardo, da DECC.<\/p>\n<p style=\"font-weight: 400;\">Na Para\u00edba, a m\u00e3e e a av\u00f3 da menina foram presas e encaminhadas \u00e0 Cidade da Pol\u00edcia. Os objetos apreendidos durante o cumprimento dos mandados de busca\/apreens\u00e3o ser\u00e3o analisados e devem robustecer as den\u00fancias contra os investigados.<\/p>\n<p style=\"font-weight: 400;\">A Pol\u00edcia Civil continua investigando o caso, com o objetivo de identificar e prender outros poss\u00edveis compradores desse material pornogr\u00e1fico.<\/p>\n","protected":false},"excerpt":{"rendered":"<p>A Pol\u00edcia Civil da Para\u00edba, por meio da Delegacia de Crimes Cibern\u00e9ticos (DECC) e a Delegacia de Repress\u00e3o ao Crime Organizado (DRACO), coordenou na manh\u00e3 desta ter\u00e7a-feira, 23 de janeiro, a Opera\u00e7\u00e3o Inf\u00e2ncia Destru\u00edda. As investiga\u00e7\u00f5es alcan\u00e7aram alvos em cinco estados, resultando em 12 mandados judiciais cumpridos. As pessoas investigadas s\u00e3o dos estados de S\u00e3o &hellip;<\/p>\n","protected":false},"author":1,"featured_media":98483,"comment_status":"open","ping_status":"open","sticky":false,"template":"","format":"standard","meta":{"footnotes":""},"categories":[13],"tags":[],"class_list":["post-121378","post","type-post","status-publish","format-standard","has-post-thumbnail","hentry","category-policial"],"_links":{"self":[{"href":"https:\/\/iparaiba.com.br\/index.php\/wp-json\/wp\/v2\/posts\/121378","targetHints":{"allow":["GET"]}}],"collection":[{"href":"https:\/\/iparaiba.com.br\/index.php\/wp-json\/wp\/v2\/posts"}],"about":[{"href":"https:\/\/iparaiba.com.br\/index.php\/wp-json\/wp\/v2\/types\/post"}],"author":[{"embeddable":true,"href":"https:\/\/iparaiba.com.br\/index.php\/wp-json\/wp\/v2\/users\/1"}],"replies":[{"embeddable":true,"href":"https:\/\/iparaiba.com.br\/index.php\/wp-json\/wp\/v2\/comments?post=121378"}],"version-history":[{"count":1,"href":"https:\/\/iparaiba.com.br\/index.php\/wp-json\/wp\/v2\/posts\/121378\/revisions"}],"predecessor-version":[{"id":121410,"href":"https:\/\/iparaiba.com.br\/index.php\/wp-json\/wp\/v2\/posts\/121378\/revisions\/121410"}],"wp:featuredmedia":[{"embeddable":true,"href":"https:\/\/iparaiba.com.br\/index.php\/wp-json\/wp\/v2\/media\/98483"}],"wp:attachment":[{"href":"https:\/\/iparaiba.com.br\/index.php\/wp-json\/wp\/v2\/media?parent=121378"}],"wp:term":[{"taxonomy":"category","embeddable":true,"href":"https:\/\/iparaiba.com.br\/index.php\/wp-json\/wp\/v2\/categories?post=121378"},{"taxonomy":"post_tag","embeddable":true,"href":"https:\/\/iparaiba.com.br\/index.php\/wp-json\/wp\/v2\/tags?post=121378"}],"curies":[{"name":"wp","href":"https:\/\/api.w.org\/{rel}","templated":true}]}}