{"id":121354,"date":"2024-02-05T12:54:38","date_gmt":"2024-02-05T15:54:38","guid":{"rendered":"https:\/\/onordeste.com.br\/?p=121310"},"modified":"2024-02-05T12:54:38","modified_gmt":"2024-02-05T15:54:38","slug":"oab-ressalta-defesa-das-prerrogativas-da-advocacia-na-abertura-do-ano-judiciario","status":"publish","type":"post","link":"https:\/\/iparaiba.com.br\/index.php\/2024\/02\/05\/oab-ressalta-defesa-das-prerrogativas-da-advocacia-na-abertura-do-ano-judiciario\/","title":{"rendered":"OAB ressalta defesa das prerrogativas da advocacia na abertura do Ano Judici\u00e1rio"},"content":{"rendered":"<p>\u201cDaqui j\u00e1 relatei ao Brasil in\u00fameros casos de viol\u00eancias contra a advocacia em todo o pa\u00eds. Advogados que pagam com suas pr\u00f3prias vidas pelo mister que exercem. E \u00e9 lament\u00e1vel que n\u00e3o foi diferente com a jovem advogada Brenda dos Santos de Oliveira\u201d, afirmou o presidente nacional da OAB, Beto Simonetti, em seu discurso na abertura do Ano Judici\u00e1rio, realizada no Supremo Tribunal Federal (STF), nesta quinta-feira (1\/2).<\/p>\n<p>Na ocasi\u00e3o, Simonetti relembrou o brutal assassinato da advogada Brenda dos Santos de Oliveira no exerc\u00edcio da profiss\u00e3o, ocorrida na \u00faltima ter\u00e7a-feira (30\/1) no Rio Grande do Norte, e aproveitou para destacar a import\u00e2ncia da defesa veemente das prerrogativas da profiss\u00e3o. \u201c\u00c9 em mem\u00f3ria da colega Brenda que a advocacia presta homenagem p\u00fablica nesta solenidade, rogando pela solidariedade de todo o Supremo Tribunal Federal, de todo o Judici\u00e1rio brasileiro, de todo o Sistema de Justi\u00e7a.\u201d<\/p>\n<p>De acordo com o presidente da OAB Nacional, a advocacia estar\u00e1 vigilante e preparada para \u201cresponder com altivez os casos em que a atua\u00e7\u00e3o profissional for cerceada, seja pelo abuso de autoridade, seja pelo barulho cego das redes sociais\u201d. \u201c\u00c9 imprescind\u00edvel, portanto, o respeito \u00e0s prerrogativas da advocacia, como a sustenta\u00e7\u00e3o oral perante o juiz e o sigilo das comunica\u00e7\u00f5es entre o advogado e seu cliente\u201d, afirmou o presidente do CFOAB.<\/p>\n<p>Simonetti aproveitou a solenidade para reafirmar o comprometimento da OAB com a Constitui\u00e7\u00e3o e disse que a entidade seguir\u00e1 pronta a defender as institui\u00e7\u00f5es republicanas, destacando o esfor\u00e7o da Ordem no \u00faltimo ano, marcado pelos ataques \u00e0s institui\u00e7\u00f5es democr\u00e1ticas. \u201cA OAB participou ativamente desse esfor\u00e7o republicano e cumpriu sua dupla fun\u00e7\u00e3o constitucional: apoiamos o enfrentamento \u00e0s amea\u00e7as contra a democracia e pugnamos pelo respeito intransigente ao devido processo legal e ao direito de defesa\u201d, afirmou.<\/p>\n<p><b>Linguagem mais simples<\/b><\/p>\n<p>O presidente do STF, Lu\u00eds Roberto Barroso, destacou em seu discurso projetos de interesse para o Judici\u00e1rio. \u201cEstamos promovendo um pacto de linguagem simples e uma revolu\u00e7\u00e3o da brevidade. O mundo jur\u00eddico pode ser um pouco mais simples do que tem sido\u201d, frisou o ministro.<\/p>\n<p>Em sua fala, Barroso ressaltou ainda a publica\u00e7\u00e3o do\u00a0<a href=\"https:\/\/www.oab.org.br\/noticia\/61906\/publicado-edital-para-a-realizacao-do-exame-nacional-da-magistratura\">edital do Exame Nacional da Magistratura<\/a>, disponibilizando nesta quinta-feira (1\/2), ao p\u00fablico e a iniciativa de cria\u00e7\u00e3o de bolsas para fomentar a candidatura de negros na Magistratura.<\/p>\n<p>Tamb\u00e9m participaram da cerim\u00f4nia o presidente da Rep\u00fablica, Luiz In\u00e1cio Lula da Silva; o presidente do Senado, Rodrigo Pacheco; ministros do STF, entre outras autoridades.<\/p>\n","protected":false},"excerpt":{"rendered":"<p>\u201cDaqui j\u00e1 relatei ao Brasil in\u00fameros casos de viol\u00eancias contra a advocacia em todo o pa\u00eds. Advogados que pagam com suas pr\u00f3prias vidas pelo mister que exercem. E \u00e9 lament\u00e1vel que n\u00e3o foi diferente com a jovem advogada Brenda dos Santos de Oliveira\u201d, afirmou o presidente nacional da OAB, Beto Simonetti, em seu discurso na &hellip;<\/p>\n","protected":false},"author":1,"featured_media":99728,"comment_status":"open","ping_status":"open","sticky":false,"template":"","format":"standard","meta":{"footnotes":""},"categories":[9],"tags":[],"class_list":["post-121354","post","type-post","status-publish","format-standard","has-post-thumbnail","hentry","category-justica"],"_links":{"self":[{"href":"https:\/\/iparaiba.com.br\/index.php\/wp-json\/wp\/v2\/posts\/121354","targetHints":{"allow":["GET"]}}],"collection":[{"href":"https:\/\/iparaiba.com.br\/index.php\/wp-json\/wp\/v2\/posts"}],"about":[{"href":"https:\/\/iparaiba.com.br\/index.php\/wp-json\/wp\/v2\/types\/post"}],"author":[{"embeddable":true,"href":"https:\/\/iparaiba.com.br\/index.php\/wp-json\/wp\/v2\/users\/1"}],"replies":[{"embeddable":true,"href":"https:\/\/iparaiba.com.br\/index.php\/wp-json\/wp\/v2\/comments?post=121354"}],"version-history":[{"count":0,"href":"https:\/\/iparaiba.com.br\/index.php\/wp-json\/wp\/v2\/posts\/121354\/revisions"}],"wp:featuredmedia":[{"embeddable":true,"href":"https:\/\/iparaiba.com.br\/index.php\/wp-json\/wp\/v2\/media\/99728"}],"wp:attachment":[{"href":"https:\/\/iparaiba.com.br\/index.php\/wp-json\/wp\/v2\/media?parent=121354"}],"wp:term":[{"taxonomy":"category","embeddable":true,"href":"https:\/\/iparaiba.com.br\/index.php\/wp-json\/wp\/v2\/categories?post=121354"},{"taxonomy":"post_tag","embeddable":true,"href":"https:\/\/iparaiba.com.br\/index.php\/wp-json\/wp\/v2\/tags?post=121354"}],"curies":[{"name":"wp","href":"https:\/\/api.w.org\/{rel}","templated":true}]}}